{"id":13984,"date":"2022-03-26T08:35:52","date_gmt":"2022-03-26T07:35:52","guid":{"rendered":"http:\/\/www.winozesmakiem.net.pl\/?p=13984"},"modified":"2022-03-26T08:35:52","modified_gmt":"2022-03-26T07:35:52","slug":"caves-velhas-cabeca-de-toiro-bulls-temptation-reserva-2018","status":"publish","type":"post","link":"https:\/\/www.winozesmakiem.net.pl\/?p=13984","title":{"rendered":"Caves Velhas Cabe\u00e7a de Toiro Bull&#8217;s Temptation Reserva 2018"},"content":{"rendered":"\n<p>Kolejna czerwie\u0144 z <strong>Tejo <\/strong>z portfolio grupy Enoport, a konkretnie od nale\u017c\u0105cej do niej Caves Velhas. Linia win Cabe\u00e7a de Toiro uznawana jest za t\u0105 reprezentuj\u0105c\u0105 dobr\u0105 relacj\u0119 jako\u015bci do ceny, a dzisiejsza etykieta &#8211; <strong>Cabe\u00e7a de Toiro Bull&#8217;s Temptation Reserva 2018<\/strong> to jak zapewnia producent, specjalna edycja stworzona dla wielbicieli  czerwonego mi\u0119sa.<\/p>\n\n\n\n<!--more-->\n\n\n\n<p>Po degustacji trudno wyobrazi\u0107 sobie, aby to wino  pasowa\u0142o do czego\u015b innego ni\u017c mi\u0119sa kuchnia. Ten kupa\u017c syrah i alicante bouschet dojrzewa 9 miesi\u0119cy w nowych francuskich d\u0119bowych beczkach. Nie jest to \u017cadna ambitna pozycja, a wino zaraz po otwarciu zdominowane jest przez s\u0142odk\u0105 beczk\u0119, nuty czekoladowo-wi\u015bniowego budyniu, d\u017cemowy owoc, mocno dojrza\u0142e owoce jagodowe, pojawia si\u0119 te\u017c r\u00f3\u017cowy pieprz. Na podniebieniu soczyste, beczkowe, tostowe, z akcentami drewna, pieczonych ciemnych owoc\u00f3w. Po chwili sp\u0119dzonej w kieliszku, wino nieco \u0142agodnieje, cho\u0107 nadal sporo tu ci\u0119\u017ckich aromat\u00f3w, a i daleko te\u017c od jakiejkolwiek r\u00f3wnowagi. Na pewno nie jest to moja bajka, cho\u0107 zdaj\u0119 sobie spraw\u0119, \u017ce znajd\u0105 si\u0119 tacy, kt\u00f3rzy taki styl lubi\u0105. <\/p>\n\n\n\n<p>Je\u017celi degustowa\u0107, to z towarzystwie <strong>mi\u0119snej kuchni &#8211; pieczone, grillowane mi\u0119so, \u017ceberka, w\u0119dzone mi\u0119so.<\/strong><\/p>\n\n\n\n<div class=\"wp-block-image\"><figure class=\"aligncenter\"><img loading=\"lazy\" decoding=\"async\" width=\"768\" height=\"1024\" data-attachment-id=\"13988\" data-permalink=\"https:\/\/www.winozesmakiem.net.pl\/?attachment_id=13988\" data-orig-file=\"https:\/\/www.winozesmakiem.net.pl\/wp-content\/uploads\/2022\/03\/20220325_100112.jpg\" data-orig-size=\"3000,4000\" data-comments-opened=\"1\" data-image-meta=\"{&quot;aperture&quot;:&quot;2&quot;,&quot;credit&quot;:&quot;&quot;,&quot;camera&quot;:&quot;SM-A415F&quot;,&quot;caption&quot;:&quot;&quot;,&quot;created_timestamp&quot;:&quot;1648202472&quot;,&quot;copyright&quot;:&quot;&quot;,&quot;focal_length&quot;:&quot;4.6&quot;,&quot;iso&quot;:&quot;500&quot;,&quot;shutter_speed&quot;:&quot;0.040001&quot;,&quot;title&quot;:&quot;&quot;,&quot;orientation&quot;:&quot;1&quot;}\" data-image-title=\"20220325_100112\" data-image-description=\"\" data-image-caption=\"\" data-large-file=\"https:\/\/www.winozesmakiem.net.pl\/wp-content\/uploads\/2022\/03\/20220325_100112-768x1024.jpg\" src=\"https:\/\/www.winozesmakiem.net.pl\/wp-content\/uploads\/2022\/03\/20220325_100112-768x1024.jpg\" alt=\"\" class=\"wp-image-13988\" srcset=\"https:\/\/www.winozesmakiem.net.pl\/wp-content\/uploads\/2022\/03\/20220325_100112-768x1024.jpg 768w, https:\/\/www.winozesmakiem.net.pl\/wp-content\/uploads\/2022\/03\/20220325_100112-225x300.jpg 225w\" sizes=\"auto, (max-width: 709px) 85vw, (max-width: 909px) 67vw, (max-width: 984px) 61vw, (max-width: 1362px) 45vw, 600px\" \/><\/figure><\/div>\n\n\n\n<figure class=\"wp-block-image\"><img loading=\"lazy\" decoding=\"async\" width=\"1024\" height=\"768\" data-attachment-id=\"13985\" data-permalink=\"https:\/\/www.winozesmakiem.net.pl\/?attachment_id=13985\" data-orig-file=\"https:\/\/www.winozesmakiem.net.pl\/wp-content\/uploads\/2022\/03\/20220325_100051.jpg\" data-orig-size=\"4000,3000\" data-comments-opened=\"1\" data-image-meta=\"{&quot;aperture&quot;:&quot;2&quot;,&quot;credit&quot;:&quot;&quot;,&quot;camera&quot;:&quot;SM-A415F&quot;,&quot;caption&quot;:&quot;&quot;,&quot;created_timestamp&quot;:&quot;1648202450&quot;,&quot;copyright&quot;:&quot;&quot;,&quot;focal_length&quot;:&quot;4.6&quot;,&quot;iso&quot;:&quot;1250&quot;,&quot;shutter_speed&quot;:&quot;0.049996&quot;,&quot;title&quot;:&quot;&quot;,&quot;orientation&quot;:&quot;1&quot;}\" data-image-title=\"20220325_100051\" data-image-description=\"\" data-image-caption=\"\" data-large-file=\"https:\/\/www.winozesmakiem.net.pl\/wp-content\/uploads\/2022\/03\/20220325_100051-1024x768.jpg\" src=\"https:\/\/www.winozesmakiem.net.pl\/wp-content\/uploads\/2022\/03\/20220325_100051-1024x768.jpg\" alt=\"\" class=\"wp-image-13985\" srcset=\"https:\/\/www.winozesmakiem.net.pl\/wp-content\/uploads\/2022\/03\/20220325_100051-1024x768.jpg 1024w, https:\/\/www.winozesmakiem.net.pl\/wp-content\/uploads\/2022\/03\/20220325_100051-300x225.jpg 300w, https:\/\/www.winozesmakiem.net.pl\/wp-content\/uploads\/2022\/03\/20220325_100051-768x576.jpg 768w\" sizes=\"auto, (max-width: 709px) 85vw, (max-width: 909px) 67vw, (max-width: 1362px) 62vw, 840px\" \/><\/figure>\n\n\n\n<p>Wino dost\u0119pne w <strong><a href=\"https:\/\/www.portugalvineyards.com\/en\/tejo\/15345-cabeca-de-toiro-bulls-temptation-red-2018-5601110008402.html\">Portugal Vineyards<\/a><\/strong><\/p>\n\n\n\n<div class=\"wp-block-image\"><figure class=\"aligncenter\"><img loading=\"lazy\" decoding=\"async\" width=\"300\" height=\"233\" data-attachment-id=\"286\" data-permalink=\"https:\/\/www.winozesmakiem.net.pl\/?attachment_id=286\" data-orig-file=\"https:\/\/www.winozesmakiem.net.pl\/wp-content\/uploads\/2016\/12\/logo-1.jpg\" data-orig-size=\"454,353\" data-comments-opened=\"1\" data-image-meta=\"{&quot;aperture&quot;:&quot;0&quot;,&quot;credit&quot;:&quot;&quot;,&quot;camera&quot;:&quot;&quot;,&quot;caption&quot;:&quot;&quot;,&quot;created_timestamp&quot;:&quot;0&quot;,&quot;copyright&quot;:&quot;&quot;,&quot;focal_length&quot;:&quot;0&quot;,&quot;iso&quot;:&quot;0&quot;,&quot;shutter_speed&quot;:&quot;0&quot;,&quot;title&quot;:&quot;&quot;,&quot;orientation&quot;:&quot;0&quot;}\" data-image-title=\"logo\" data-image-description=\"\" data-image-caption=\"\" data-large-file=\"https:\/\/www.winozesmakiem.net.pl\/wp-content\/uploads\/2016\/12\/logo-1.jpg\" src=\"https:\/\/www.winozesmakiem.net.pl\/wp-content\/uploads\/2016\/12\/logo-1-300x233.jpg\" alt=\"\" class=\"wp-image-286\" srcset=\"https:\/\/www.winozesmakiem.net.pl\/wp-content\/uploads\/2016\/12\/logo-1-300x233.jpg 300w, https:\/\/www.winozesmakiem.net.pl\/wp-content\/uploads\/2016\/12\/logo-1.jpg 454w\" sizes=\"auto, (max-width: 300px) 85vw, 300px\" \/><\/figure><\/div>\n","protected":false},"excerpt":{"rendered":"<p>Kolejna czerwie\u0144 z Tejo z portfolio grupy Enoport, a konkretnie od nale\u017c\u0105cej do niej Caves Velhas. Linia win Cabe\u00e7a de Toiro uznawana jest za t\u0105 reprezentuj\u0105c\u0105 dobr\u0105 relacj\u0119 jako\u015bci do ceny, a dzisiejsza etykieta &#8211; Cabe\u00e7a de Toiro Bull&#8217;s Temptation Reserva 2018 to jak zapewnia producent, specjalna edycja stworzona dla wielbicieli czerwonego mi\u0119sa.<\/p>\n","protected":false},"author":1,"featured_media":13985,"comment_status":"open","ping_status":"open","sticky":false,"template":"","format":"standard","meta":{"jetpack_post_was_ever_published":false,"_jetpack_newsletter_access":"","_jetpack_dont_email_post_to_subs":false,"_jetpack_newsletter_tier_id":0,"_jetpack_memberships_contains_paywalled_content":false,"_jetpack_memberships_contains_paid_content":false,"footnotes":"","jetpack_publicize_message":"","jetpack_publicize_feature_enabled":true,"jetpack_social_post_already_shared":true,"jetpack_social_options":{"image_generator_settings":{"template":"highway","default_image_id":0,"font":"","enabled":false},"version":2}},"categories":[4],"tags":[951,12,129,13,239,23,14,219],"class_list":["post-13984","post","type-post","status-publish","format-standard","has-post-thumbnail","hentry","category-blog","tag-alicante-bouschet","tag-portugalia","tag-syrah","tag-szczepy","tag-tejo","tag-wina","tag-wino","tag-wino-portugalskie"],"jetpack_publicize_connections":[],"jetpack_featured_media_url":"https:\/\/www.winozesmakiem.net.pl\/wp-content\/uploads\/2022\/03\/20220325_100051.jpg","jetpack_sharing_enabled":true,"jetpack_shortlink":"https:\/\/wp.me\/p8BUJb-3Dy","jetpack-related-posts":[],"jetpack_likes_enabled":true,"_links":{"self":[{"href":"https:\/\/www.winozesmakiem.net.pl\/index.php?rest_route=\/wp\/v2\/posts\/13984","targetHints":{"allow":["GET"]}}],"collection":[{"href":"https:\/\/www.winozesmakiem.net.pl\/index.php?rest_route=\/wp\/v2\/posts"}],"about":[{"href":"https:\/\/www.winozesmakiem.net.pl\/index.php?rest_route=\/wp\/v2\/types\/post"}],"author":[{"embeddable":true,"href":"https:\/\/www.winozesmakiem.net.pl\/index.php?rest_route=\/wp\/v2\/users\/1"}],"replies":[{"embeddable":true,"href":"https:\/\/www.winozesmakiem.net.pl\/index.php?rest_route=%2Fwp%2Fv2%2Fcomments&post=13984"}],"version-history":[{"count":3,"href":"https:\/\/www.winozesmakiem.net.pl\/index.php?rest_route=\/wp\/v2\/posts\/13984\/revisions"}],"predecessor-version":[{"id":13989,"href":"https:\/\/www.winozesmakiem.net.pl\/index.php?rest_route=\/wp\/v2\/posts\/13984\/revisions\/13989"}],"wp:featuredmedia":[{"embeddable":true,"href":"https:\/\/www.winozesmakiem.net.pl\/index.php?rest_route=\/wp\/v2\/media\/13985"}],"wp:attachment":[{"href":"https:\/\/www.winozesmakiem.net.pl\/index.php?rest_route=%2Fwp%2Fv2%2Fmedia&parent=13984"}],"wp:term":[{"taxonomy":"category","embeddable":true,"href":"https:\/\/www.winozesmakiem.net.pl\/index.php?rest_route=%2Fwp%2Fv2%2Fcategories&post=13984"},{"taxonomy":"post_tag","embeddable":true,"href":"https:\/\/www.winozesmakiem.net.pl\/index.php?rest_route=%2Fwp%2Fv2%2Ftags&post=13984"}],"curies":[{"name":"wp","href":"https:\/\/api.w.org\/{rel}","templated":true}]}}