{"id":14690,"date":"2022-05-09T10:39:40","date_gmt":"2022-05-09T09:39:40","guid":{"rendered":"http:\/\/www.winozesmakiem.net.pl\/?p=14690"},"modified":"2022-05-09T10:39:40","modified_gmt":"2022-05-09T09:39:40","slug":"notas-frutales-finca-garabelos-la-trucha-albarino-2020","status":"publish","type":"post","link":"https:\/\/www.winozesmakiem.net.pl\/?p=14690","title":{"rendered":"Notas Frutales Finca Garabelos La Trucha Albari\u00f1o 2020"},"content":{"rendered":"\n<p class=\"wp-block-paragraph\">Pogoda za oknem prosi o takie wina jak to. <strong>Albari\u00f1o<\/strong> jest po prostu stworzone do letnich klimat\u00f3w i perfekcyjne wpisuje si\u0119 w t\u0119 por\u0119 roku. Cho\u0107 oficjalnie lato jeszcze do nas nie przysz\u0142o, to obecna aura w zasadzie niczym si\u0119 od niego nie r\u00f3\u017cni, dlatego te\u017c otwieram kolejne wino z jednej z moich ulubionych bia\u0142ych odmian.<\/p>\n\n\n\n<!--more-->\n\n\n\n<p class=\"wp-block-paragraph\">Albari\u00f1o od zawsze jest wysoko w moim osobistym rankingu, je\u015bli chodzi o biel. Si\u0119gam po nie w szczeg\u00f3lno\u015bci latem, cho\u0107 tak naprawd\u0119 pij\u0119 je ca\u0142y rok. Ma ono w sobie wszystkie te cechy, kt\u00f3rych wi\u0119kszo\u015b\u0107 szuka w bia\u0142ych winach. O samym albari\u00f1o pisa\u0142em nieco wi\u0119cej <strong><a href=\"https:\/\/www.winozesmakiem.net.pl\/?p=14265\">tutaj<\/a><\/strong> przy okazji recenzji innej etykiety. Dzi\u015b kolejna pozycja dostarczona przez  <strong>Biuro Ambasady Hiszpanii<\/strong>, a jest ni\u0105 <strong>Notas Frutales Finca Garabelos La Trucha Albari\u00f1o 2020<\/strong>.<\/p>\n\n\n\n<div class=\"wp-block-image\"><figure class=\"aligncenter\"><img loading=\"lazy\" decoding=\"async\" width=\"768\" height=\"1024\" data-attachment-id=\"14717\" data-permalink=\"https:\/\/www.winozesmakiem.net.pl\/?attachment_id=14717\" data-orig-file=\"https:\/\/www.winozesmakiem.net.pl\/wp-content\/uploads\/2022\/05\/20220507_073707.jpg\" data-orig-size=\"3024,4032\" data-comments-opened=\"1\" data-image-meta=\"{&quot;aperture&quot;:&quot;1.8&quot;,&quot;credit&quot;:&quot;&quot;,&quot;camera&quot;:&quot;SM-G780F&quot;,&quot;caption&quot;:&quot;&quot;,&quot;created_timestamp&quot;:&quot;1651909028&quot;,&quot;copyright&quot;:&quot;&quot;,&quot;focal_length&quot;:&quot;5.4&quot;,&quot;iso&quot;:&quot;250&quot;,&quot;shutter_speed&quot;:&quot;0.01&quot;,&quot;title&quot;:&quot;&quot;,&quot;orientation&quot;:&quot;1&quot;}\" data-image-title=\"20220507_073707\" data-image-description=\"\" data-image-caption=\"\" data-large-file=\"https:\/\/www.winozesmakiem.net.pl\/wp-content\/uploads\/2022\/05\/20220507_073707-768x1024.jpg\" src=\"https:\/\/www.winozesmakiem.net.pl\/wp-content\/uploads\/2022\/05\/20220507_073707-768x1024.jpg\" alt=\"\" class=\"wp-image-14717\" srcset=\"https:\/\/www.winozesmakiem.net.pl\/wp-content\/uploads\/2022\/05\/20220507_073707-768x1024.jpg 768w, https:\/\/www.winozesmakiem.net.pl\/wp-content\/uploads\/2022\/05\/20220507_073707-225x300.jpg 225w\" sizes=\"auto, (max-width: 709px) 85vw, (max-width: 909px) 67vw, (max-width: 984px) 61vw, (max-width: 1362px) 45vw, 600px\" \/><\/figure><\/div>\n\n\n\n<div class=\"wp-block-image\"><figure class=\"aligncenter\"><img loading=\"lazy\" decoding=\"async\" width=\"1024\" height=\"768\" data-attachment-id=\"14718\" data-permalink=\"https:\/\/www.winozesmakiem.net.pl\/?attachment_id=14718\" data-orig-file=\"https:\/\/www.winozesmakiem.net.pl\/wp-content\/uploads\/2022\/05\/20220508_113527.jpg\" data-orig-size=\"3867,2899\" data-comments-opened=\"1\" data-image-meta=\"{&quot;aperture&quot;:&quot;1.8&quot;,&quot;credit&quot;:&quot;&quot;,&quot;camera&quot;:&quot;SM-G780F&quot;,&quot;caption&quot;:&quot;&quot;,&quot;created_timestamp&quot;:&quot;1652009727&quot;,&quot;copyright&quot;:&quot;&quot;,&quot;focal_length&quot;:&quot;5.4&quot;,&quot;iso&quot;:&quot;250&quot;,&quot;shutter_speed&quot;:&quot;0.02&quot;,&quot;title&quot;:&quot;&quot;,&quot;orientation&quot;:&quot;1&quot;}\" data-image-title=\"20220508_113527\" data-image-description=\"\" data-image-caption=\"\" data-large-file=\"https:\/\/www.winozesmakiem.net.pl\/wp-content\/uploads\/2022\/05\/20220508_113527-1024x768.jpg\" src=\"https:\/\/www.winozesmakiem.net.pl\/wp-content\/uploads\/2022\/05\/20220508_113527-1024x768.jpg\" alt=\"\" class=\"wp-image-14718\" srcset=\"https:\/\/www.winozesmakiem.net.pl\/wp-content\/uploads\/2022\/05\/20220508_113527-1024x768.jpg 1024w, https:\/\/www.winozesmakiem.net.pl\/wp-content\/uploads\/2022\/05\/20220508_113527-300x225.jpg 300w, https:\/\/www.winozesmakiem.net.pl\/wp-content\/uploads\/2022\/05\/20220508_113527-768x576.jpg 768w\" sizes=\"auto, (max-width: 709px) 85vw, (max-width: 909px) 67vw, (max-width: 1362px) 62vw, 840px\" \/><\/figure><\/div>\n\n\n\n<p class=\"wp-block-paragraph\">Wino pochodzi od <strong>Notas Frutales<\/strong> &#8211; producenta zlokalizowanego w malutkim Garabelos w prowincji Pontevedra. To apelacja Rias Baixas, czyli serce produkcji albari\u00f1o. Do wytw\u00f3rcy nale\u017cy 13 ha w\u0142asnych winnic ( podregion Condado de Tea ). po\u0142o\u017conych na wysoko\u015bci 250-300 m n.p.m. na prawym brzegu rzeki  Mi\u00f1o. \u015aredni wiek winnic to 25 lat, ale niekt\u00f3re krzewy maj\u0105 nawet 50 lat. Same winnice znajduj\u0105 si\u0119 nie dalej ni\u017c 3 km od winiarni. W\u0142a\u015bcicielem jest tutaj Jos\u00e9 Alonso, kt\u00f3ry korzysta z rad enologa  Jos\u00e9 Est\u00e9vez&#8217;a. <\/p>\n\n\n\n<p class=\"wp-block-paragraph\">Ich La Trucha to przyk\u0142ad doskona\u0142ego albari\u00f1o. Bierze swoj\u0105 nazw\u0119 od ryby (trucha to pstr\u0105g), kt\u00f3rego to m\u0142ody Jos\u00e9 cz\u0119sto \u0142owi\u0142 wraz ze swoich ojcem i dziadkiem w rzece  Mi\u00f1o.  Albari\u00f1o fermentuje w stalowej kadzi, w kt\u00f3rej te\u017c dojrzewa na osadzie przez 3-6 miesi\u0119cy. Wino pachnie dojrza\u0142ym i s\u0142odkim owocem tropikalnym, cytrusami, ananasem, brzoskwini\u0105, soczystym jab\u0142kiem, kwiatami. Sporo tu \u015bwie\u017co\u015bci, s\u0142odko-owocowych nut, jest te\u017c mineralno\u015b\u0107, lekko kremowa faktura i pe\u0142niejsza budowa.. Kwasowo\u015b\u0107 r\u00f3wnie\u017c zaznaczona, cho\u0107 nie tak wysoka jak w przypadku wielu innych win z tej odmiany. Ca\u0142o\u015b\u0107 niezwykle apetyczna.<\/p>\n\n\n\n<p class=\"wp-block-paragraph\">Sprawdzi si\u0119 do <strong>owoc\u00f3w morza, ryb, ceviche, paelli, kuchni azjatyckiej.<\/strong> U mnie w zestawieniu z <strong>tatarem z tu\u0144czyka z sosem mango. <\/strong><\/p>\n\n\n\n<div class=\"wp-block-image\"><figure class=\"aligncenter\"><img loading=\"lazy\" decoding=\"async\" width=\"1024\" height=\"768\" data-attachment-id=\"14722\" data-permalink=\"https:\/\/www.winozesmakiem.net.pl\/?attachment_id=14722\" data-orig-file=\"https:\/\/www.winozesmakiem.net.pl\/wp-content\/uploads\/2022\/05\/20220508_120021.jpg\" data-orig-size=\"4032,3023\" data-comments-opened=\"1\" data-image-meta=\"{&quot;aperture&quot;:&quot;1.8&quot;,&quot;credit&quot;:&quot;&quot;,&quot;camera&quot;:&quot;SM-G780F&quot;,&quot;caption&quot;:&quot;&quot;,&quot;created_timestamp&quot;:&quot;1652011221&quot;,&quot;copyright&quot;:&quot;&quot;,&quot;focal_length&quot;:&quot;5.4&quot;,&quot;iso&quot;:&quot;200&quot;,&quot;shutter_speed&quot;:&quot;0.02&quot;,&quot;title&quot;:&quot;&quot;,&quot;orientation&quot;:&quot;1&quot;}\" data-image-title=\"20220508_120021\" data-image-description=\"\" data-image-caption=\"\" data-large-file=\"https:\/\/www.winozesmakiem.net.pl\/wp-content\/uploads\/2022\/05\/20220508_120021-1024x768.jpg\" src=\"https:\/\/www.winozesmakiem.net.pl\/wp-content\/uploads\/2022\/05\/20220508_120021-1024x768.jpg\" alt=\"\" class=\"wp-image-14722\" srcset=\"https:\/\/www.winozesmakiem.net.pl\/wp-content\/uploads\/2022\/05\/20220508_120021-1024x768.jpg 1024w, https:\/\/www.winozesmakiem.net.pl\/wp-content\/uploads\/2022\/05\/20220508_120021-300x225.jpg 300w, https:\/\/www.winozesmakiem.net.pl\/wp-content\/uploads\/2022\/05\/20220508_120021-768x576.jpg 768w\" sizes=\"auto, (max-width: 709px) 85vw, (max-width: 909px) 67vw, (max-width: 1362px) 62vw, 840px\" \/><\/figure><\/div>\n\n\n\n<div class=\"wp-block-image\"><figure class=\"aligncenter\"><img loading=\"lazy\" decoding=\"async\" width=\"1024\" height=\"768\" data-attachment-id=\"14723\" data-permalink=\"https:\/\/www.winozesmakiem.net.pl\/?attachment_id=14723\" data-orig-file=\"https:\/\/www.winozesmakiem.net.pl\/wp-content\/uploads\/2022\/05\/20220508_115154.jpg\" data-orig-size=\"4032,3024\" data-comments-opened=\"1\" data-image-meta=\"{&quot;aperture&quot;:&quot;1.8&quot;,&quot;credit&quot;:&quot;&quot;,&quot;camera&quot;:&quot;SM-G780F&quot;,&quot;caption&quot;:&quot;&quot;,&quot;created_timestamp&quot;:&quot;1652010715&quot;,&quot;copyright&quot;:&quot;&quot;,&quot;focal_length&quot;:&quot;5.4&quot;,&quot;iso&quot;:&quot;200&quot;,&quot;shutter_speed&quot;:&quot;0.02&quot;,&quot;title&quot;:&quot;&quot;,&quot;orientation&quot;:&quot;1&quot;}\" data-image-title=\"20220508_115154\" data-image-description=\"\" data-image-caption=\"\" data-large-file=\"https:\/\/www.winozesmakiem.net.pl\/wp-content\/uploads\/2022\/05\/20220508_115154-1024x768.jpg\" src=\"https:\/\/www.winozesmakiem.net.pl\/wp-content\/uploads\/2022\/05\/20220508_115154-1024x768.jpg\" alt=\"\" class=\"wp-image-14723\" srcset=\"https:\/\/www.winozesmakiem.net.pl\/wp-content\/uploads\/2022\/05\/20220508_115154-1024x768.jpg 1024w, https:\/\/www.winozesmakiem.net.pl\/wp-content\/uploads\/2022\/05\/20220508_115154-300x225.jpg 300w, https:\/\/www.winozesmakiem.net.pl\/wp-content\/uploads\/2022\/05\/20220508_115154-768x576.jpg 768w\" sizes=\"auto, (max-width: 709px) 85vw, (max-width: 909px) 67vw, (max-width: 1362px) 62vw, 840px\" \/><\/figure><\/div>\n\n\n\n<div class=\"wp-block-image\"><figure class=\"aligncenter\"><img loading=\"lazy\" decoding=\"async\" width=\"1024\" height=\"768\" data-attachment-id=\"14724\" data-permalink=\"https:\/\/www.winozesmakiem.net.pl\/?attachment_id=14724\" data-orig-file=\"https:\/\/www.winozesmakiem.net.pl\/wp-content\/uploads\/2022\/05\/20220508_113134.jpg\" data-orig-size=\"4032,3024\" data-comments-opened=\"1\" data-image-meta=\"{&quot;aperture&quot;:&quot;1.8&quot;,&quot;credit&quot;:&quot;&quot;,&quot;camera&quot;:&quot;SM-G780F&quot;,&quot;caption&quot;:&quot;&quot;,&quot;created_timestamp&quot;:&quot;1652009494&quot;,&quot;copyright&quot;:&quot;&quot;,&quot;focal_length&quot;:&quot;5.4&quot;,&quot;iso&quot;:&quot;160&quot;,&quot;shutter_speed&quot;:&quot;0.02&quot;,&quot;title&quot;:&quot;&quot;,&quot;orientation&quot;:&quot;1&quot;}\" data-image-title=\"20220508_113134\" data-image-description=\"\" data-image-caption=\"\" data-large-file=\"https:\/\/www.winozesmakiem.net.pl\/wp-content\/uploads\/2022\/05\/20220508_113134-1024x768.jpg\" src=\"https:\/\/www.winozesmakiem.net.pl\/wp-content\/uploads\/2022\/05\/20220508_113134-1024x768.jpg\" alt=\"\" class=\"wp-image-14724\" srcset=\"https:\/\/www.winozesmakiem.net.pl\/wp-content\/uploads\/2022\/05\/20220508_113134-1024x768.jpg 1024w, https:\/\/www.winozesmakiem.net.pl\/wp-content\/uploads\/2022\/05\/20220508_113134-300x225.jpg 300w, https:\/\/www.winozesmakiem.net.pl\/wp-content\/uploads\/2022\/05\/20220508_113134-768x576.jpg 768w\" sizes=\"auto, (max-width: 709px) 85vw, (max-width: 909px) 67vw, (max-width: 1362px) 62vw, 840px\" \/><\/figure><\/div>\n\n\n\n<p class=\"wp-block-paragraph\">Wino otrzyma\u0142em od Ambasady Hiszpanii. Importerem w Polsce jest <strong><a href=\"https:\/\/elcatador.pl\/pl\/p\/La-TRUCHA-Albarino-2020\/559\">El Catador<\/a><\/strong><\/p>\n\n\n\n<div class=\"wp-block-image\"><figure class=\"aligncenter\"><img loading=\"lazy\" decoding=\"async\" width=\"300\" height=\"233\" data-attachment-id=\"286\" data-permalink=\"https:\/\/www.winozesmakiem.net.pl\/?attachment_id=286\" data-orig-file=\"https:\/\/www.winozesmakiem.net.pl\/wp-content\/uploads\/2016\/12\/logo-1.jpg\" data-orig-size=\"454,353\" data-comments-opened=\"1\" data-image-meta=\"{&quot;aperture&quot;:&quot;0&quot;,&quot;credit&quot;:&quot;&quot;,&quot;camera&quot;:&quot;&quot;,&quot;caption&quot;:&quot;&quot;,&quot;created_timestamp&quot;:&quot;0&quot;,&quot;copyright&quot;:&quot;&quot;,&quot;focal_length&quot;:&quot;0&quot;,&quot;iso&quot;:&quot;0&quot;,&quot;shutter_speed&quot;:&quot;0&quot;,&quot;title&quot;:&quot;&quot;,&quot;orientation&quot;:&quot;0&quot;}\" data-image-title=\"logo\" data-image-description=\"\" data-image-caption=\"\" data-large-file=\"https:\/\/www.winozesmakiem.net.pl\/wp-content\/uploads\/2016\/12\/logo-1.jpg\" src=\"https:\/\/www.winozesmakiem.net.pl\/wp-content\/uploads\/2016\/12\/logo-1-300x233.jpg\" alt=\"\" class=\"wp-image-286\" srcset=\"https:\/\/www.winozesmakiem.net.pl\/wp-content\/uploads\/2016\/12\/logo-1-300x233.jpg 300w, https:\/\/www.winozesmakiem.net.pl\/wp-content\/uploads\/2016\/12\/logo-1.jpg 454w\" sizes=\"auto, (max-width: 300px) 85vw, 300px\" \/><\/figure><\/div>\n","protected":false},"excerpt":{"rendered":"<p>Pogoda za oknem prosi o takie wina jak to. Albari\u00f1o jest po prostu stworzone do letnich klimat\u00f3w i perfekcyjne wpisuje si\u0119 w t\u0119 por\u0119 roku. Cho\u0107 oficjalnie lato jeszcze do nas nie przysz\u0142o, to obecna aura w zasadzie niczym si\u0119 od niego nie r\u00f3\u017cni, dlatego te\u017c otwieram kolejne wino z jednej z moich ulubionych bia\u0142ych &hellip; <a href=\"https:\/\/www.winozesmakiem.net.pl\/?p=14690\" class=\"more-link\">Czytaj dalej<span class=\"screen-reader-text\"> \u201eNotas Frutales Finca Garabelos La Trucha Albari\u00f1o 2020\u201d<\/span><\/a><\/p>\n","protected":false},"author":1,"featured_media":14691,"comment_status":"open","ping_status":"open","sticky":false,"template":"","format":"standard","meta":{"_jetpack_newsletter_access":"","_jetpack_dont_email_post_to_subs":false,"_jetpack_newsletter_tier_id":0,"_jetpack_memberships_contains_paywalled_content":false,"_jetpack_feature_clip_id":0,"_jetpack_memberships_contains_paid_content":false,"footnotes":"","jetpack_publicize_message":"","jetpack_publicize_feature_enabled":true,"jetpack_social_post_already_shared":true,"jetpack_social_options":{"image_generator_settings":{"template":"highway","default_image_id":0,"font":"","enabled":false},"version":2},"jetpack_post_was_ever_published":false},"categories":[4],"tags":[82,295,193,308,13,23,14,52],"class_list":["post-14690","post","type-post","status-publish","format-standard","has-post-thumbnail","hentry","category-blog","tag-albarino","tag-galicja","tag-hiszpania","tag-rias-baixas","tag-szczepy","tag-wina","tag-wino","tag-wino-hiszpanskie"],"jetpack_publicize_connections":[],"jetpack_sharing_enabled":true,"jetpack_shortlink":"https:\/\/wp.me\/p8BUJb-3OW","jetpack-related-posts":[],"jetpack_likes_enabled":true,"jetpack_featured_media_url":"https:\/\/www.winozesmakiem.net.pl\/wp-content\/uploads\/2022\/05\/20220507_073648.jpg","_links":{"self":[{"href":"https:\/\/www.winozesmakiem.net.pl\/index.php?rest_route=\/wp\/v2\/posts\/14690","targetHints":{"allow":["GET"]}}],"collection":[{"href":"https:\/\/www.winozesmakiem.net.pl\/index.php?rest_route=\/wp\/v2\/posts"}],"about":[{"href":"https:\/\/www.winozesmakiem.net.pl\/index.php?rest_route=\/wp\/v2\/types\/post"}],"author":[{"embeddable":true,"href":"https:\/\/www.winozesmakiem.net.pl\/index.php?rest_route=\/wp\/v2\/users\/1"}],"replies":[{"embeddable":true,"href":"https:\/\/www.winozesmakiem.net.pl\/index.php?rest_route=%2Fwp%2Fv2%2Fcomments&post=14690"}],"version-history":[{"count":8,"href":"https:\/\/www.winozesmakiem.net.pl\/index.php?rest_route=\/wp\/v2\/posts\/14690\/revisions"}],"predecessor-version":[{"id":14727,"href":"https:\/\/www.winozesmakiem.net.pl\/index.php?rest_route=\/wp\/v2\/posts\/14690\/revisions\/14727"}],"wp:featuredmedia":[{"embeddable":true,"href":"https:\/\/www.winozesmakiem.net.pl\/index.php?rest_route=\/wp\/v2\/media\/14691"}],"wp:attachment":[{"href":"https:\/\/www.winozesmakiem.net.pl\/index.php?rest_route=%2Fwp%2Fv2%2Fmedia&parent=14690"}],"wp:term":[{"taxonomy":"category","embeddable":true,"href":"https:\/\/www.winozesmakiem.net.pl\/index.php?rest_route=%2Fwp%2Fv2%2Fcategories&post=14690"},{"taxonomy":"post_tag","embeddable":true,"href":"https:\/\/www.winozesmakiem.net.pl\/index.php?rest_route=%2Fwp%2Fv2%2Ftags&post=14690"}],"curies":[{"name":"wp","href":"https:\/\/api.w.org\/{rel}","templated":true}]}}