{"id":18024,"date":"2023-03-09T10:11:37","date_gmt":"2023-03-09T09:11:37","guid":{"rendered":"http:\/\/www.winozesmakiem.net.pl\/?p=18024"},"modified":"2023-03-09T10:11:37","modified_gmt":"2023-03-09T09:11:37","slug":"bodegas-aradon-rioja-mniej-znana","status":"publish","type":"post","link":"https:\/\/www.winozesmakiem.net.pl\/?p=18024","title":{"rendered":"Bodegas Arad\u00f3n &#8211; Rioja mniej znana"},"content":{"rendered":"\n<p class=\"wp-block-paragraph\">Podr\u00f3\u017c do <strong><a href=\"https:\/\/www.winozesmakiem.net.pl\/?tag=rioja\">Riojy<\/a><\/strong> to ju\u017c tylko wspomnienia, ale jak\u017ce pi\u0119kne i wci\u0105\u017c \u017cywe. Z wielkim sentymentem wracam my\u015blami do ka\u017cdego dnia sp\u0119dzonego w tym s\u0142ynnym hiszpa\u0144skim regionie, ka\u017cdej odwiedzonej winiarni, ka\u017cdego miasteczka, ka\u017cdej wypitej butelki.  Warto zada\u0107 sobie nieco trudu i przyby\u0107 do La Rioja, bo to miejsce pod wieloma wzgl\u0119dami wyj\u0105tkowe. I to nie tylko z uwagi na lokalne wina. <\/p>\n\n\n\n<!--more-->\n\n\n\n<p class=\"wp-block-paragraph\">O Riojsze napisa\u0142em ju\u017c cia\u0142kiem sporo, a wszyscy zainteresowani niech klikaj\u0105 w link zamieszczony na wst\u0119pie. Znajdziecie tam moje artyku\u0142y o samej podro\u017cy i zdegustowanych winach, cho\u0107 ich lista b\u0119dzie si\u0119 regularnie powi\u0119ksza\u0107. Butelek czekaj\u0105cych w kolejce jest jeszcze ca\u0142kiem sporo, bo ja po prostu lubi\u0119 dobr\u0105 rioj\u0119 i nic na to nie poradz\u0119. Podczas kilkunastu dni sp\u0119dzonych w tym regionie, odwiedzi\u0142em sporo producent\u00f3w, ale oczywi\u015bcie z uwagi na ograniczenia czasowe, nie uda\u0142o mi si\u0119 dotrze\u0107 do wszystkich tych, kt\u00f3rych chcia\u0142bym odwiedzi\u0107. Jak to w przypadku ka\u017cdej winiarskiej podr\u00f3\u017cy bywa, trzeba dokona\u0107 pewnej selekcji. Sam porusza\u0142em si\u0119 g\u0142ownie po regionie Rioja Alavesa i Rioja Alta, a trzeci subregion &#8211; Rioja Oriental &#8211; tym razem pozosta\u0142 nieco na uboczu. Mimo to, przywioz\u0142em ze sob\u0105 kilka ciekawych butelek r\u00f3wnie\u017c z Rioja Oriental, a dodatkowo, dzi\u0119ki uprzejmo\u015bci niekt\u00f3rych producent\u00f3w, otrzyma\u0142em r\u00f3wnie\u017c mo\u017cliwo\u015b\u0107 degustacji win z ich portfolio, kt\u00f3rych tam na miejscu nie spotka\u0142em. Dzi\u015b chcia\u0142bym wam przedstawi\u0107 pokr\u00f3tce sylwetk\u0119 producenta w\u0142a\u015bnie z Rioja Oriental. To <strong>Bodegas Arad\u00f3n<\/strong> &#8211; bodega z pewno\u015bci\u0105 mniej znana, jednak zapewniam was, i\u017c ich wina warto wzi\u0105\u0107 pod uwag\u0119. Ciesz\u0119 si\u0119, \u017ce sam mam tak\u0105 mo\u017cliwo\u015b\u0107.<\/p>\n\n\n\n<figure class=\"wp-block-image\"><img loading=\"lazy\" decoding=\"async\" width=\"1024\" height=\"768\" data-attachment-id=\"18055\" data-permalink=\"https:\/\/www.winozesmakiem.net.pl\/?attachment_id=18055\" data-orig-file=\"https:\/\/www.winozesmakiem.net.pl\/wp-content\/uploads\/2022\/11\/20221119_154542.jpg\" data-orig-size=\"4032,3024\" data-comments-opened=\"1\" data-image-meta=\"{&quot;aperture&quot;:&quot;1.8&quot;,&quot;credit&quot;:&quot;&quot;,&quot;camera&quot;:&quot;SM-G780F&quot;,&quot;caption&quot;:&quot;&quot;,&quot;created_timestamp&quot;:&quot;1668872742&quot;,&quot;copyright&quot;:&quot;&quot;,&quot;focal_length&quot;:&quot;5.4&quot;,&quot;iso&quot;:&quot;500&quot;,&quot;shutter_speed&quot;:&quot;0.02&quot;,&quot;title&quot;:&quot;&quot;,&quot;orientation&quot;:&quot;1&quot;}\" data-image-title=\"20221119_154542\" data-image-description=\"\" data-image-caption=\"\" data-large-file=\"https:\/\/www.winozesmakiem.net.pl\/wp-content\/uploads\/2022\/11\/20221119_154542-1024x768.jpg\" src=\"https:\/\/www.winozesmakiem.net.pl\/wp-content\/uploads\/2022\/11\/20221119_154542-1024x768.jpg\" alt=\"\" class=\"wp-image-18055\" srcset=\"https:\/\/www.winozesmakiem.net.pl\/wp-content\/uploads\/2022\/11\/20221119_154542-1024x768.jpg 1024w, https:\/\/www.winozesmakiem.net.pl\/wp-content\/uploads\/2022\/11\/20221119_154542-300x225.jpg 300w, https:\/\/www.winozesmakiem.net.pl\/wp-content\/uploads\/2022\/11\/20221119_154542-768x576.jpg 768w\" sizes=\"auto, (max-width: 709px) 85vw, (max-width: 909px) 67vw, (max-width: 1362px) 62vw, 840px\" \/><\/figure>\n\n\n\n<p class=\"wp-block-paragraph\">Arad\u00f3n by\u0142a wiosk\u0105, kt\u00f3ra istnia\u0142a w czasach rzymskich, ale w tajemniczy spos\u00f3b znikn\u0119\u0142a. Znajdowa\u0142a si\u0119 na szczycie r\u00f3wniny o wysoko\u015bci 550 m n.p.m. zwanej \u201eLa Mesa\u201d, kt\u00f3r\u0105 obecnie zajmuj\u0105 winoro\u015ble maj\u0105ce nawet 90 lat, nale\u017c\u0105ce do tytu\u0142owego producenta.  Wie\u015b Arad\u00f3n znajdowa\u0142a si\u0119 w pobli\u017cu kilku rzymskich dr\u00f3g i rzymskiego akweduktu zwanego \u201ePuente Moros\u201d, kt\u00f3ry zosta\u0142 zbudowany w I i II wieku naszej ery. Od 1957 roku  a\u017c do dnia dzisiejszego, w wiosce Alcanadre, kt\u00f3ra znajduje si\u0119 36 km na wsch\u00f3d od Logro\u00f1o,  postanowiono  za\u0142o\u017cy\u0107 winiarni\u0119 o nazwie Arad\u00f3n. Wina tego producenta powstaj\u0105 z owoc\u00f3w pochodz\u0105cych z winnic przodk\u00f3w, po\u0142o\u017conych na wysoko\u015bci 350-600 m n.p.m. o zr\u00f3\u017cnicowanej glebie. Bodegas Arad\u00f3n uprawia  tempranillo, garnach\u0119, mazuelo, graciano, ale te\u017c viur\u0119 i garnacha blanca. Portfolio jest ciekawe, wina rozs\u0105dnie wycenione, co tylko zach\u0119ca do ich bli\u017cszego poznania. <\/p>\n\n\n\n<figure class=\"wp-block-image\"><img loading=\"lazy\" decoding=\"async\" width=\"1024\" height=\"683\" data-attachment-id=\"18072\" data-permalink=\"https:\/\/www.winozesmakiem.net.pl\/?attachment_id=18072\" data-orig-file=\"https:\/\/www.winozesmakiem.net.pl\/wp-content\/uploads\/2022\/11\/2-3.jpg\" data-orig-size=\"3000,2000\" data-comments-opened=\"1\" data-image-meta=\"{&quot;aperture&quot;:&quot;11&quot;,&quot;credit&quot;:&quot;&quot;,&quot;camera&quot;:&quot;Canon EOS 5D Mark II&quot;,&quot;caption&quot;:&quot;&quot;,&quot;created_timestamp&quot;:&quot;1374562647&quot;,&quot;copyright&quot;:&quot;&quot;,&quot;focal_length&quot;:&quot;115&quot;,&quot;iso&quot;:&quot;250&quot;,&quot;shutter_speed&quot;:&quot;0.016666666666667&quot;,&quot;title&quot;:&quot;&quot;,&quot;orientation&quot;:&quot;0&quot;}\" data-image-title=\"2-3\" data-image-description=\"\" data-image-caption=\"\" data-large-file=\"https:\/\/www.winozesmakiem.net.pl\/wp-content\/uploads\/2022\/11\/2-3-1024x683.jpg\" src=\"https:\/\/www.winozesmakiem.net.pl\/wp-content\/uploads\/2022\/11\/2-3-1024x683.jpg\" alt=\"\" class=\"wp-image-18072\" srcset=\"https:\/\/www.winozesmakiem.net.pl\/wp-content\/uploads\/2022\/11\/2-3-1024x683.jpg 1024w, https:\/\/www.winozesmakiem.net.pl\/wp-content\/uploads\/2022\/11\/2-3-300x200.jpg 300w, https:\/\/www.winozesmakiem.net.pl\/wp-content\/uploads\/2022\/11\/2-3-768x512.jpg 768w\" sizes=\"auto, (max-width: 709px) 85vw, (max-width: 909px) 67vw, (max-width: 1362px) 62vw, 840px\" \/><figcaption>\u017ar\u00f3d\u0142o: aradon.es<\/figcaption><\/figure>\n\n\n\n<figure class=\"wp-block-image is-resized\"><img loading=\"lazy\" decoding=\"async\" data-attachment-id=\"18073\" data-permalink=\"https:\/\/www.winozesmakiem.net.pl\/?attachment_id=18073\" data-orig-file=\"https:\/\/www.winozesmakiem.net.pl\/wp-content\/uploads\/2022\/11\/1-2.jpg\" data-orig-size=\"450,240\" data-comments-opened=\"1\" data-image-meta=\"{&quot;aperture&quot;:&quot;0&quot;,&quot;credit&quot;:&quot;&quot;,&quot;camera&quot;:&quot;&quot;,&quot;caption&quot;:&quot;&quot;,&quot;created_timestamp&quot;:&quot;0&quot;,&quot;copyright&quot;:&quot;&quot;,&quot;focal_length&quot;:&quot;0&quot;,&quot;iso&quot;:&quot;0&quot;,&quot;shutter_speed&quot;:&quot;0&quot;,&quot;title&quot;:&quot;&quot;,&quot;orientation&quot;:&quot;0&quot;}\" data-image-title=\"1-2\" data-image-description=\"\" data-image-caption=\"\" data-large-file=\"https:\/\/www.winozesmakiem.net.pl\/wp-content\/uploads\/2022\/11\/1-2.jpg\" src=\"https:\/\/www.winozesmakiem.net.pl\/wp-content\/uploads\/2022\/11\/1-2.jpg\" alt=\"\" class=\"wp-image-18073\" width=\"644\" height=\"343\" srcset=\"https:\/\/www.winozesmakiem.net.pl\/wp-content\/uploads\/2022\/11\/1-2.jpg 450w, https:\/\/www.winozesmakiem.net.pl\/wp-content\/uploads\/2022\/11\/1-2-300x160.jpg 300w\" sizes=\"auto, (max-width: 709px) 85vw, (max-width: 909px) 67vw, (max-width: 984px) 61vw, (max-width: 1362px) 45vw, 600px\" \/><figcaption> <em>\u017ar\u00f3d\u0142o: aradon.es<\/em> <\/figcaption><\/figure>\n\n\n\n<p class=\"wp-block-paragraph\">Za spraw\u0105 samego producenta, jak jego importera <strong>Wino i Przyjaciele<\/strong>, b\u0119d\u0119 mi\u0105\u0142 okazj\u0119 skosztowa\u0107 czterech etykiet od Bodegas Arad\u00f3n. Na pocz\u0105tek si\u0119gam po <strong>Arad\u00f3n Reserva 2014.<\/strong><\/p>\n\n\n\n<figure class=\"wp-block-image\"><img loading=\"lazy\" decoding=\"async\" width=\"854\" height=\"1024\" data-attachment-id=\"19657\" data-permalink=\"https:\/\/www.winozesmakiem.net.pl\/?attachment_id=19657\" data-orig-file=\"https:\/\/www.winozesmakiem.net.pl\/wp-content\/uploads\/2023\/02\/20230203_084700.jpg\" data-orig-size=\"1769,2122\" data-comments-opened=\"1\" data-image-meta=\"{&quot;aperture&quot;:&quot;1.8&quot;,&quot;credit&quot;:&quot;&quot;,&quot;camera&quot;:&quot;SM-G780F&quot;,&quot;caption&quot;:&quot;&quot;,&quot;created_timestamp&quot;:&quot;1675414020&quot;,&quot;copyright&quot;:&quot;&quot;,&quot;focal_length&quot;:&quot;5.4&quot;,&quot;iso&quot;:&quot;1250&quot;,&quot;shutter_speed&quot;:&quot;0.25&quot;,&quot;title&quot;:&quot;&quot;,&quot;orientation&quot;:&quot;1&quot;}\" data-image-title=\"20230203_084700\" data-image-description=\"\" data-image-caption=\"\" data-large-file=\"https:\/\/www.winozesmakiem.net.pl\/wp-content\/uploads\/2023\/02\/20230203_084700-854x1024.jpg\" src=\"https:\/\/www.winozesmakiem.net.pl\/wp-content\/uploads\/2023\/02\/20230203_084700-854x1024.jpg\" alt=\"\" class=\"wp-image-19657\" srcset=\"https:\/\/www.winozesmakiem.net.pl\/wp-content\/uploads\/2023\/02\/20230203_084700-854x1024.jpg 854w, https:\/\/www.winozesmakiem.net.pl\/wp-content\/uploads\/2023\/02\/20230203_084700-250x300.jpg 250w, https:\/\/www.winozesmakiem.net.pl\/wp-content\/uploads\/2023\/02\/20230203_084700-768x921.jpg 768w, https:\/\/www.winozesmakiem.net.pl\/wp-content\/uploads\/2023\/02\/20230203_084700.jpg 1769w\" sizes=\"auto, (max-width: 709px) 85vw, (max-width: 909px) 67vw, (max-width: 1362px) 62vw, 840px\" \/><\/figure>\n\n\n\n<figure class=\"wp-block-image\"><img loading=\"lazy\" decoding=\"async\" width=\"1024\" height=\"768\" data-attachment-id=\"19658\" data-permalink=\"https:\/\/www.winozesmakiem.net.pl\/?attachment_id=19658\" data-orig-file=\"https:\/\/www.winozesmakiem.net.pl\/wp-content\/uploads\/2023\/02\/20230203_085819.jpg\" data-orig-size=\"3601,2701\" data-comments-opened=\"1\" data-image-meta=\"{&quot;aperture&quot;:&quot;1.8&quot;,&quot;credit&quot;:&quot;&quot;,&quot;camera&quot;:&quot;SM-G780F&quot;,&quot;caption&quot;:&quot;&quot;,&quot;created_timestamp&quot;:&quot;1675414701&quot;,&quot;copyright&quot;:&quot;&quot;,&quot;focal_length&quot;:&quot;5.4&quot;,&quot;iso&quot;:&quot;1600&quot;,&quot;shutter_speed&quot;:&quot;0.125&quot;,&quot;title&quot;:&quot;&quot;,&quot;orientation&quot;:&quot;1&quot;}\" data-image-title=\"20230203_085819\" data-image-description=\"\" data-image-caption=\"\" data-large-file=\"https:\/\/www.winozesmakiem.net.pl\/wp-content\/uploads\/2023\/02\/20230203_085819-1024x768.jpg\" src=\"https:\/\/www.winozesmakiem.net.pl\/wp-content\/uploads\/2023\/02\/20230203_085819-1024x768.jpg\" alt=\"\" class=\"wp-image-19658\" srcset=\"https:\/\/www.winozesmakiem.net.pl\/wp-content\/uploads\/2023\/02\/20230203_085819-1024x768.jpg 1024w, https:\/\/www.winozesmakiem.net.pl\/wp-content\/uploads\/2023\/02\/20230203_085819-300x225.jpg 300w, https:\/\/www.winozesmakiem.net.pl\/wp-content\/uploads\/2023\/02\/20230203_085819-768x576.jpg 768w\" sizes=\"auto, (max-width: 709px) 85vw, (max-width: 909px) 67vw, (max-width: 1362px) 62vw, 840px\" \/><\/figure>\n\n\n\n<p class=\"wp-block-paragraph\">To kompozycja 90% tempranillo, 5% garnacha i 5% mazuelo. 50-letnie winnice wok\u00f3\u0142 wiosek Alcanadre i  Ausejo. Grona s\u0105 zbierane r\u0119cznie, spontaniczna fermentacja z udzia\u0142em naturalnych dro\u017cd\u017cy. Dojrzewanie trwa 18 miesi\u0119cy w beczkach z d\u0119bu francuskiego oraz ameryka\u0144skiego i kolejne minimum 16 miesi\u0119cy w butelce. W kieliszku dobrze przyprawiony, soczysty owoc, suszone owoce, tabaka, drewno, ziemia, nuty tostowe, sok z ciemnych jag\u00f3d. Na podniebieniu do\u015b\u0107 pe\u0142ne,  taniczne, ca\u0142kiem mi\u0119kkie, z wytrawnym owocem, czarn\u0105 porzeczk\u0105, zachowuj\u0105ce sporo \u015bwie\u017co\u015bci, eleganckie. Bardzo dobrze skrojona i dojrza\u0142a rioja.<\/p>\n\n\n\n<p class=\"wp-block-paragraph\">Mo\u017cna poda\u0107 do <strong>wolno gotowanego, duszonego mi\u0119sa, pieczeni, bogatego sosu grzybowego lub pomidorowego, dojrza\u0142ego i twardego sera. <\/strong><\/p>\n\n\n\n<figure class=\"wp-block-image\"><img loading=\"lazy\" decoding=\"async\" width=\"768\" height=\"1024\" data-attachment-id=\"19671\" data-permalink=\"https:\/\/www.winozesmakiem.net.pl\/?attachment_id=19671\" data-orig-file=\"https:\/\/www.winozesmakiem.net.pl\/wp-content\/uploads\/2023\/02\/20230204_160217.jpg\" data-orig-size=\"3024,4032\" data-comments-opened=\"1\" data-image-meta=\"{&quot;aperture&quot;:&quot;1.8&quot;,&quot;credit&quot;:&quot;&quot;,&quot;camera&quot;:&quot;SM-G780F&quot;,&quot;caption&quot;:&quot;&quot;,&quot;created_timestamp&quot;:&quot;1675526538&quot;,&quot;copyright&quot;:&quot;&quot;,&quot;focal_length&quot;:&quot;5.4&quot;,&quot;iso&quot;:&quot;1000&quot;,&quot;shutter_speed&quot;:&quot;0.04&quot;,&quot;title&quot;:&quot;&quot;,&quot;orientation&quot;:&quot;1&quot;}\" data-image-title=\"20230204_160217\" data-image-description=\"\" data-image-caption=\"\" data-large-file=\"https:\/\/www.winozesmakiem.net.pl\/wp-content\/uploads\/2023\/02\/20230204_160217-768x1024.jpg\" src=\"https:\/\/www.winozesmakiem.net.pl\/wp-content\/uploads\/2023\/02\/20230204_160217-768x1024.jpg\" alt=\"\" class=\"wp-image-19671\" srcset=\"https:\/\/www.winozesmakiem.net.pl\/wp-content\/uploads\/2023\/02\/20230204_160217-768x1024.jpg 768w, https:\/\/www.winozesmakiem.net.pl\/wp-content\/uploads\/2023\/02\/20230204_160217-225x300.jpg 225w\" sizes=\"auto, (max-width: 709px) 85vw, (max-width: 909px) 67vw, (max-width: 984px) 61vw, (max-width: 1362px) 45vw, 600px\" \/><\/figure>\n\n\n\n<p class=\"wp-block-paragraph\">Wino otrzyma\u0142em od producenta za po\u015brednictwem jego importera <strong>Wino i Przyjaciele<\/strong><\/p>\n\n\n\n<div class=\"wp-block-image\"><figure class=\"aligncenter\"><img loading=\"lazy\" decoding=\"async\" width=\"300\" height=\"233\" data-attachment-id=\"286\" data-permalink=\"https:\/\/www.winozesmakiem.net.pl\/?attachment_id=286\" data-orig-file=\"https:\/\/www.winozesmakiem.net.pl\/wp-content\/uploads\/2016\/12\/logo-1.jpg\" data-orig-size=\"454,353\" data-comments-opened=\"1\" data-image-meta=\"{&quot;aperture&quot;:&quot;0&quot;,&quot;credit&quot;:&quot;&quot;,&quot;camera&quot;:&quot;&quot;,&quot;caption&quot;:&quot;&quot;,&quot;created_timestamp&quot;:&quot;0&quot;,&quot;copyright&quot;:&quot;&quot;,&quot;focal_length&quot;:&quot;0&quot;,&quot;iso&quot;:&quot;0&quot;,&quot;shutter_speed&quot;:&quot;0&quot;,&quot;title&quot;:&quot;&quot;,&quot;orientation&quot;:&quot;0&quot;}\" data-image-title=\"logo\" data-image-description=\"\" data-image-caption=\"\" data-large-file=\"https:\/\/www.winozesmakiem.net.pl\/wp-content\/uploads\/2016\/12\/logo-1.jpg\" src=\"https:\/\/www.winozesmakiem.net.pl\/wp-content\/uploads\/2016\/12\/logo-1-300x233.jpg\" alt=\"\" class=\"wp-image-286\" srcset=\"https:\/\/www.winozesmakiem.net.pl\/wp-content\/uploads\/2016\/12\/logo-1-300x233.jpg 300w, https:\/\/www.winozesmakiem.net.pl\/wp-content\/uploads\/2016\/12\/logo-1.jpg 454w\" sizes=\"auto, (max-width: 300px) 85vw, 300px\" \/><\/figure><\/div>\n\n\n\n<p class=\"wp-block-paragraph\"><\/p>\n","protected":false},"excerpt":{"rendered":"<p>Podr\u00f3\u017c do Riojy to ju\u017c tylko wspomnienia, ale jak\u017ce pi\u0119kne i wci\u0105\u017c \u017cywe. Z wielkim sentymentem wracam my\u015blami do ka\u017cdego dnia sp\u0119dzonego w tym s\u0142ynnym hiszpa\u0144skim regionie, ka\u017cdej odwiedzonej winiarni, ka\u017cdego miasteczka, ka\u017cdej wypitej butelki. Warto zada\u0107 sobie nieco trudu i przyby\u0107 do La Rioja, bo to miejsce pod wieloma wzgl\u0119dami wyj\u0105tkowe. I to nie &hellip; <a href=\"https:\/\/www.winozesmakiem.net.pl\/?p=18024\" class=\"more-link\">Czytaj dalej<span class=\"screen-reader-text\"> \u201eBodegas Arad\u00f3n &#8211; Rioja mniej znana\u201d<\/span><\/a><\/p>\n","protected":false},"author":1,"featured_media":18055,"comment_status":"open","ping_status":"open","sticky":false,"template":"","format":"standard","meta":{"_jetpack_newsletter_access":"","_jetpack_dont_email_post_to_subs":false,"_jetpack_newsletter_tier_id":0,"_jetpack_memberships_contains_paywalled_content":false,"_jetpack_feature_clip_id":0,"_jetpack_memberships_contains_paid_content":false,"footnotes":"","jetpack_publicize_message":"","jetpack_publicize_feature_enabled":true,"jetpack_social_post_already_shared":true,"jetpack_social_options":{"image_generator_settings":{"template":"highway","default_image_id":0,"font":"","enabled":false},"version":2},"jetpack_post_was_ever_published":false},"categories":[4,266],"tags":[190,99,193,148,13,45,23,14,52],"class_list":["post-18024","post","type-post","status-publish","format-standard","has-post-thumbnail","hentry","category-blog","category-wino-na-prezent","tag-carignan","tag-garnacha","tag-hiszpania","tag-rioja","tag-szczepy","tag-tempranillo","tag-wina","tag-wino","tag-wino-hiszpanskie"],"jetpack_publicize_connections":[],"jetpack_sharing_enabled":true,"jetpack_shortlink":"https:\/\/wp.me\/p8BUJb-4GI","jetpack-related-posts":[],"jetpack_likes_enabled":true,"jetpack_featured_media_url":"https:\/\/www.winozesmakiem.net.pl\/wp-content\/uploads\/2022\/11\/20221119_154542.jpg","_links":{"self":[{"href":"https:\/\/www.winozesmakiem.net.pl\/index.php?rest_route=\/wp\/v2\/posts\/18024","targetHints":{"allow":["GET"]}}],"collection":[{"href":"https:\/\/www.winozesmakiem.net.pl\/index.php?rest_route=\/wp\/v2\/posts"}],"about":[{"href":"https:\/\/www.winozesmakiem.net.pl\/index.php?rest_route=\/wp\/v2\/types\/post"}],"author":[{"embeddable":true,"href":"https:\/\/www.winozesmakiem.net.pl\/index.php?rest_route=\/wp\/v2\/users\/1"}],"replies":[{"embeddable":true,"href":"https:\/\/www.winozesmakiem.net.pl\/index.php?rest_route=%2Fwp%2Fv2%2Fcomments&post=18024"}],"version-history":[{"count":18,"href":"https:\/\/www.winozesmakiem.net.pl\/index.php?rest_route=\/wp\/v2\/posts\/18024\/revisions"}],"predecessor-version":[{"id":19674,"href":"https:\/\/www.winozesmakiem.net.pl\/index.php?rest_route=\/wp\/v2\/posts\/18024\/revisions\/19674"}],"wp:featuredmedia":[{"embeddable":true,"href":"https:\/\/www.winozesmakiem.net.pl\/index.php?rest_route=\/wp\/v2\/media\/18055"}],"wp:attachment":[{"href":"https:\/\/www.winozesmakiem.net.pl\/index.php?rest_route=%2Fwp%2Fv2%2Fmedia&parent=18024"}],"wp:term":[{"taxonomy":"category","embeddable":true,"href":"https:\/\/www.winozesmakiem.net.pl\/index.php?rest_route=%2Fwp%2Fv2%2Fcategories&post=18024"},{"taxonomy":"post_tag","embeddable":true,"href":"https:\/\/www.winozesmakiem.net.pl\/index.php?rest_route=%2Fwp%2Fv2%2Ftags&post=18024"}],"curies":[{"name":"wp","href":"https:\/\/api.w.org\/{rel}","templated":true}]}}