{"id":1827,"date":"2017-11-11T09:25:03","date_gmt":"2017-11-11T08:25:03","guid":{"rendered":"http:\/\/www.winozesmakiem.net.pl\/?p=1827"},"modified":"2017-11-11T09:28:04","modified_gmt":"2017-11-11T08:28:04","slug":"grand-prix-magazynu-wino-2017","status":"publish","type":"post","link":"https:\/\/www.winozesmakiem.net.pl\/?p=1827","title":{"rendered":"Grand Prix Magazynu Wino 2017"},"content":{"rendered":"<p>W ostatni weekend pa\u017adziernika na terenie Toru Wy\u015bcig\u00f3w Konnych na S\u0142u\u017cewcu w Warszawie odby\u0142o si\u0119 ju\u017c <strong>XII Grand Prix Magazynu Wino<\/strong>, kt\u00f3ry w tym roku \u015bwi\u0119towa\u0142 swoje pi\u0119tnaste urodziny. Trzy dni z mn\u00f3stwem win do spr\u00f3bowania, a ponadto wiele innych dodatkowych atrakcji \u2013 nie mog\u0142o mnie zabrakn\u0105\u0107 i w tym roku na tej wielkiej winiarskiej imprezie.<!--more--><\/p>\n<p>Tegoroczna edycja Grand Prix odby\u0142a si\u0119 na warszawskim S\u0142u\u017cewcu na Terenie Wy\u015bcig\u00f3w Konnych. Lokalizacja nieco dalej od centrum, ale plusem by\u0142o to, \u017ce go\u015bcie mogli bez wielkiego \u015bcisku i t\u0142oku degustowa\u0107 wina w przestronnych wn\u0119trzach. Nie wa\u017cne gdzie, wa\u017cne, \u017ce jak co roku, to wino by\u0142o w centrum uwagi. Tradycyjnie poza mo\u017cliwo\u015bci\u0105 degustacji, odby\u0142y si\u0119 tak\u017ce seminaria tematyczne, podczas kt\u00f3rych mo\u017cna by\u0142o nie tylko spr\u00f3bowa\u0107 okre\u015blonych win, ale r\u00f3wnie\u017c zg\u0142\u0119bi\u0107 \u00a0wiedz\u0119 w danym temacie, kt\u00f3r\u0105 przekazywali fachowcy w swojej dziedzinie. Oczywi\u015bcie\u00a0 Magazyn Wino nagrodzi\u0142 te\u017c wina w poszczeg\u00f3lnych kategoriach. Wybrano r\u00f3wnie\u017c Cz\u0142owieka Roku, Importera Roku, wyr\u00f3\u017cniono najlepsze karty win itd., \u00a0odby\u0142o si\u0119 te\u017c \u015bniadanie szampa\u0144skie. Wszystkie te informacje mo\u017cna znale\u017a\u0107 na stronie Magazynu Wino, a wkr\u00f3tce pojawi\u0105 si\u0119 one standardowo w najnowszym numerze pisma. Nie b\u0119d\u0119 wiec powiela\u0142 w tym miejscu tych informacji, zainteresowani ju\u017c dawno si\u0119 z tym zapoznali, a tych mniej \u015bwiadomych odsy\u0142am do powy\u017cszych \u017ar\u00f3de\u0142.<\/p>\n<p>W tym roku go\u015bciem honorowym wydarzenia by\u0142a <strong>Szampania<\/strong>, co stworzy\u0142o mo\u017cliwo\u015b\u0107 degustacji kilkudziesi\u0119ciu musuj\u0105cych win z tego regionu. Go\u015b\u0107mi specjalnymi byli z kolei <strong>Gamberro Rosso <\/strong>( w\u0142oska grupa wydawnicza publikuj\u0105ca przewodnik po najlepszych w\u0142oskich winach i restauracjach ) oraz <strong>winiarze z Kastylii i Leonu<\/strong>. By\u0142o wi\u0119c czego pr\u00f3bowa\u0107. Wyposa\u017cony w katalog degustacji ruszy\u0142em na kr\u00f3tki maraton po\u015br\u00f3d stoisk producent\u00f3w i importer\u00f3w, gdzie poza sam\u0105 degustacj\u0105 mo\u017cna by\u0142o zamieni\u0107 kilka s\u0142\u00f3w z wystawcami, kt\u00f3rzy ch\u0119tnie odpowiadali na wszelkie pytania. Poni\u017cej moja kr\u00f3tka fotorelacja. Oczywi\u015bcie widzimy si\u0119 za rok na kolejnym Grand Prix.<\/p>\n<p><a href=\"https:\/\/www.winozesmakiem.net.pl\/wp-content\/uploads\/2017\/11\/IMG_20171028_224820_872.jpg\"><img loading=\"lazy\" decoding=\"async\" data-attachment-id=\"1829\" data-permalink=\"https:\/\/www.winozesmakiem.net.pl\/?attachment_id=1829\" data-orig-file=\"https:\/\/www.winozesmakiem.net.pl\/wp-content\/uploads\/2017\/11\/IMG_20171028_224820_872.jpg\" data-orig-size=\"1080,1080\" data-comments-opened=\"1\" data-image-meta=\"{&quot;aperture&quot;:&quot;0&quot;,&quot;credit&quot;:&quot;&quot;,&quot;camera&quot;:&quot;&quot;,&quot;caption&quot;:&quot;&quot;,&quot;created_timestamp&quot;:&quot;0&quot;,&quot;copyright&quot;:&quot;&quot;,&quot;focal_length&quot;:&quot;0&quot;,&quot;iso&quot;:&quot;0&quot;,&quot;shutter_speed&quot;:&quot;0&quot;,&quot;title&quot;:&quot;&quot;,&quot;orientation&quot;:&quot;0&quot;}\" data-image-title=\"IMG_20171028_224820_872\" data-image-description=\"\" data-image-caption=\"\" data-large-file=\"https:\/\/www.winozesmakiem.net.pl\/wp-content\/uploads\/2017\/11\/IMG_20171028_224820_872-1024x1024.jpg\" class=\"alignleft size-large wp-image-1829\" src=\"https:\/\/www.winozesmakiem.net.pl\/wp-content\/uploads\/2017\/11\/IMG_20171028_224820_872-1024x1024.jpg\" alt=\"\" width=\"525\" height=\"525\" srcset=\"https:\/\/www.winozesmakiem.net.pl\/wp-content\/uploads\/2017\/11\/IMG_20171028_224820_872-1024x1024.jpg 1024w, https:\/\/www.winozesmakiem.net.pl\/wp-content\/uploads\/2017\/11\/IMG_20171028_224820_872-150x150.jpg 150w, https:\/\/www.winozesmakiem.net.pl\/wp-content\/uploads\/2017\/11\/IMG_20171028_224820_872-300x300.jpg 300w, https:\/\/www.winozesmakiem.net.pl\/wp-content\/uploads\/2017\/11\/IMG_20171028_224820_872-768x768.jpg 768w, https:\/\/www.winozesmakiem.net.pl\/wp-content\/uploads\/2017\/11\/IMG_20171028_224820_872-100x100.jpg 100w, https:\/\/www.winozesmakiem.net.pl\/wp-content\/uploads\/2017\/11\/IMG_20171028_224820_872.jpg 1080w\" sizes=\"auto, (max-width: 525px) 85vw, 525px\" \/><\/a><\/p>\n<p>&nbsp;<\/p>\n<p>&nbsp;<\/p>\n<p>&nbsp;<\/p>\n<p>&nbsp;<\/p>\n<p>&nbsp;<\/p>\n<p>&nbsp;<\/p>\n<p>&nbsp;<\/p>\n<p>&nbsp;<\/p>\n<p>&nbsp;<\/p>\n<p>&nbsp;<\/p>\n<p>&nbsp;<\/p>\n<p><a href=\"https:\/\/www.winozesmakiem.net.pl\/wp-content\/uploads\/2017\/11\/IMG_20171028_224820_874.jpg\"><img loading=\"lazy\" decoding=\"async\" data-attachment-id=\"1830\" data-permalink=\"https:\/\/www.winozesmakiem.net.pl\/?attachment_id=1830\" data-orig-file=\"https:\/\/www.winozesmakiem.net.pl\/wp-content\/uploads\/2017\/11\/IMG_20171028_224820_874.jpg\" data-orig-size=\"1080,1080\" data-comments-opened=\"1\" data-image-meta=\"{&quot;aperture&quot;:&quot;0&quot;,&quot;credit&quot;:&quot;&quot;,&quot;camera&quot;:&quot;&quot;,&quot;caption&quot;:&quot;&quot;,&quot;created_timestamp&quot;:&quot;0&quot;,&quot;copyright&quot;:&quot;&quot;,&quot;focal_length&quot;:&quot;0&quot;,&quot;iso&quot;:&quot;0&quot;,&quot;shutter_speed&quot;:&quot;0&quot;,&quot;title&quot;:&quot;&quot;,&quot;orientation&quot;:&quot;0&quot;}\" data-image-title=\"IMG_20171028_224820_874\" data-image-description=\"\" data-image-caption=\"\" data-large-file=\"https:\/\/www.winozesmakiem.net.pl\/wp-content\/uploads\/2017\/11\/IMG_20171028_224820_874-1024x1024.jpg\" class=\"alignleft size-large wp-image-1830\" src=\"https:\/\/www.winozesmakiem.net.pl\/wp-content\/uploads\/2017\/11\/IMG_20171028_224820_874-1024x1024.jpg\" alt=\"\" width=\"525\" height=\"525\" srcset=\"https:\/\/www.winozesmakiem.net.pl\/wp-content\/uploads\/2017\/11\/IMG_20171028_224820_874-1024x1024.jpg 1024w, https:\/\/www.winozesmakiem.net.pl\/wp-content\/uploads\/2017\/11\/IMG_20171028_224820_874-150x150.jpg 150w, https:\/\/www.winozesmakiem.net.pl\/wp-content\/uploads\/2017\/11\/IMG_20171028_224820_874-300x300.jpg 300w, https:\/\/www.winozesmakiem.net.pl\/wp-content\/uploads\/2017\/11\/IMG_20171028_224820_874-768x768.jpg 768w, https:\/\/www.winozesmakiem.net.pl\/wp-content\/uploads\/2017\/11\/IMG_20171028_224820_874-100x100.jpg 100w, https:\/\/www.winozesmakiem.net.pl\/wp-content\/uploads\/2017\/11\/IMG_20171028_224820_874.jpg 1080w\" sizes=\"auto, (max-width: 525px) 85vw, 525px\" \/><\/a><\/p>\n<p>&nbsp;<\/p>\n<p>&nbsp;<\/p>\n<p>&nbsp;<\/p>\n<p>&nbsp;<\/p>\n<p>&nbsp;<\/p>\n<p>&nbsp;<\/p>\n<p>&nbsp;<\/p>\n<p>&nbsp;<\/p>\n<p>&nbsp;<\/p>\n<p>&nbsp;<\/p>\n<p>&nbsp;<\/p>\n<p>&nbsp;<\/p>\n<p><a href=\"https:\/\/www.winozesmakiem.net.pl\/wp-content\/uploads\/2017\/11\/IMG_20171028_224820_878.jpg\"><img loading=\"lazy\" decoding=\"async\" data-attachment-id=\"1831\" data-permalink=\"https:\/\/www.winozesmakiem.net.pl\/?attachment_id=1831\" data-orig-file=\"https:\/\/www.winozesmakiem.net.pl\/wp-content\/uploads\/2017\/11\/IMG_20171028_224820_878.jpg\" data-orig-size=\"1080,1080\" data-comments-opened=\"1\" data-image-meta=\"{&quot;aperture&quot;:&quot;0&quot;,&quot;credit&quot;:&quot;&quot;,&quot;camera&quot;:&quot;&quot;,&quot;caption&quot;:&quot;&quot;,&quot;created_timestamp&quot;:&quot;0&quot;,&quot;copyright&quot;:&quot;&quot;,&quot;focal_length&quot;:&quot;0&quot;,&quot;iso&quot;:&quot;0&quot;,&quot;shutter_speed&quot;:&quot;0&quot;,&quot;title&quot;:&quot;&quot;,&quot;orientation&quot;:&quot;0&quot;}\" data-image-title=\"IMG_20171028_224820_878\" data-image-description=\"\" data-image-caption=\"\" data-large-file=\"https:\/\/www.winozesmakiem.net.pl\/wp-content\/uploads\/2017\/11\/IMG_20171028_224820_878-1024x1024.jpg\" class=\"alignleft size-large wp-image-1831\" src=\"https:\/\/www.winozesmakiem.net.pl\/wp-content\/uploads\/2017\/11\/IMG_20171028_224820_878-1024x1024.jpg\" alt=\"\" width=\"525\" height=\"525\" srcset=\"https:\/\/www.winozesmakiem.net.pl\/wp-content\/uploads\/2017\/11\/IMG_20171028_224820_878-1024x1024.jpg 1024w, https:\/\/www.winozesmakiem.net.pl\/wp-content\/uploads\/2017\/11\/IMG_20171028_224820_878-150x150.jpg 150w, https:\/\/www.winozesmakiem.net.pl\/wp-content\/uploads\/2017\/11\/IMG_20171028_224820_878-300x300.jpg 300w, https:\/\/www.winozesmakiem.net.pl\/wp-content\/uploads\/2017\/11\/IMG_20171028_224820_878-768x768.jpg 768w, https:\/\/www.winozesmakiem.net.pl\/wp-content\/uploads\/2017\/11\/IMG_20171028_224820_878-100x100.jpg 100w, https:\/\/www.winozesmakiem.net.pl\/wp-content\/uploads\/2017\/11\/IMG_20171028_224820_878.jpg 1080w\" sizes=\"auto, (max-width: 525px) 85vw, 525px\" \/><\/a><\/p>\n<p>&nbsp;<\/p>\n<p>&nbsp;<\/p>\n<p>&nbsp;<\/p>\n<p>&nbsp;<\/p>\n<p>&nbsp;<\/p>\n<p>&nbsp;<\/p>\n<p>&nbsp;<\/p>\n<p>&nbsp;<\/p>\n<p>&nbsp;<\/p>\n<p>&nbsp;<\/p>\n<p>&nbsp;<\/p>\n<p>&nbsp;<\/p>\n<p><a href=\"https:\/\/www.winozesmakiem.net.pl\/wp-content\/uploads\/2017\/11\/DSC_2323.jpg\"><img loading=\"lazy\" decoding=\"async\" data-attachment-id=\"1832\" data-permalink=\"https:\/\/www.winozesmakiem.net.pl\/?attachment_id=1832\" data-orig-file=\"https:\/\/www.winozesmakiem.net.pl\/wp-content\/uploads\/2017\/11\/DSC_2323.jpg\" data-orig-size=\"3264,2448\" data-comments-opened=\"1\" data-image-meta=\"{&quot;aperture&quot;:&quot;2&quot;,&quot;credit&quot;:&quot;&quot;,&quot;camera&quot;:&quot;F5121&quot;,&quot;caption&quot;:&quot;&quot;,&quot;created_timestamp&quot;:&quot;1509193791&quot;,&quot;copyright&quot;:&quot;&quot;,&quot;focal_length&quot;:&quot;4.23&quot;,&quot;iso&quot;:&quot;800&quot;,&quot;shutter_speed&quot;:&quot;0.0625&quot;,&quot;title&quot;:&quot;&quot;,&quot;orientation&quot;:&quot;1&quot;}\" data-image-title=\"DSC_2323\" data-image-description=\"\" data-image-caption=\"\" data-large-file=\"https:\/\/www.winozesmakiem.net.pl\/wp-content\/uploads\/2017\/11\/DSC_2323-1024x768.jpg\" class=\"alignleft size-large wp-image-1832\" src=\"https:\/\/www.winozesmakiem.net.pl\/wp-content\/uploads\/2017\/11\/DSC_2323-1024x768.jpg\" alt=\"\" width=\"525\" height=\"394\" srcset=\"https:\/\/www.winozesmakiem.net.pl\/wp-content\/uploads\/2017\/11\/DSC_2323-1024x768.jpg 1024w, https:\/\/www.winozesmakiem.net.pl\/wp-content\/uploads\/2017\/11\/DSC_2323-300x225.jpg 300w, https:\/\/www.winozesmakiem.net.pl\/wp-content\/uploads\/2017\/11\/DSC_2323-768x576.jpg 768w\" sizes=\"auto, (max-width: 525px) 85vw, 525px\" \/><\/a><\/p>\n<p>&nbsp;<\/p>\n<p>&nbsp;<\/p>\n<p>&nbsp;<\/p>\n<p>&nbsp;<\/p>\n<p>&nbsp;<\/p>\n<p>&nbsp;<\/p>\n<p>&nbsp;<\/p>\n<p>&nbsp;<\/p>\n<p>&nbsp;<\/p>\n<figure id=\"attachment_1833\" aria-describedby=\"caption-attachment-1833\" style=\"width: 525px\" class=\"wp-caption alignleft\"><a href=\"https:\/\/www.winozesmakiem.net.pl\/wp-content\/uploads\/2017\/11\/IMG_20171028_190935_923.jpg\"><img loading=\"lazy\" decoding=\"async\" data-attachment-id=\"1833\" data-permalink=\"https:\/\/www.winozesmakiem.net.pl\/?attachment_id=1833\" data-orig-file=\"https:\/\/www.winozesmakiem.net.pl\/wp-content\/uploads\/2017\/11\/IMG_20171028_190935_923.jpg\" data-orig-size=\"2448,2448\" data-comments-opened=\"1\" data-image-meta=\"{&quot;aperture&quot;:&quot;0&quot;,&quot;credit&quot;:&quot;&quot;,&quot;camera&quot;:&quot;&quot;,&quot;caption&quot;:&quot;&quot;,&quot;created_timestamp&quot;:&quot;0&quot;,&quot;copyright&quot;:&quot;&quot;,&quot;focal_length&quot;:&quot;0&quot;,&quot;iso&quot;:&quot;0&quot;,&quot;shutter_speed&quot;:&quot;0&quot;,&quot;title&quot;:&quot;&quot;,&quot;orientation&quot;:&quot;0&quot;}\" data-image-title=\"IMG_20171028_190935_923\" data-image-description=\"\" data-image-caption=\"&lt;p&gt;Herdade do Mouchao &amp;#8211; wielka klasa&lt;\/p&gt;\n\" data-large-file=\"https:\/\/www.winozesmakiem.net.pl\/wp-content\/uploads\/2017\/11\/IMG_20171028_190935_923-1024x1024.jpg\" class=\"size-large wp-image-1833\" src=\"https:\/\/www.winozesmakiem.net.pl\/wp-content\/uploads\/2017\/11\/IMG_20171028_190935_923-1024x1024.jpg\" alt=\"\" width=\"525\" height=\"525\" srcset=\"https:\/\/www.winozesmakiem.net.pl\/wp-content\/uploads\/2017\/11\/IMG_20171028_190935_923-1024x1024.jpg 1024w, https:\/\/www.winozesmakiem.net.pl\/wp-content\/uploads\/2017\/11\/IMG_20171028_190935_923-150x150.jpg 150w, https:\/\/www.winozesmakiem.net.pl\/wp-content\/uploads\/2017\/11\/IMG_20171028_190935_923-300x300.jpg 300w, https:\/\/www.winozesmakiem.net.pl\/wp-content\/uploads\/2017\/11\/IMG_20171028_190935_923-768x768.jpg 768w, https:\/\/www.winozesmakiem.net.pl\/wp-content\/uploads\/2017\/11\/IMG_20171028_190935_923-100x100.jpg 100w\" sizes=\"auto, (max-width: 525px) 85vw, 525px\" \/><\/a><figcaption id=\"caption-attachment-1833\" class=\"wp-caption-text\">Herdade do Mouchao &#8211; wielka klasa<\/figcaption><\/figure>\n<p>&nbsp;<\/p>\n<p>&nbsp;<\/p>\n<p>&nbsp;<\/p>\n<p>&nbsp;<\/p>\n<p>&nbsp;<\/p>\n<p>&nbsp;<\/p>\n<p>&nbsp;<\/p>\n<p>&nbsp;<\/p>\n<p>&nbsp;<\/p>\n<p>&nbsp;<\/p>\n<p>&nbsp;<\/p>\n<p>&nbsp;<\/p>\n<p>&nbsp;<\/p>\n<p><a href=\"https:\/\/www.winozesmakiem.net.pl\/wp-content\/uploads\/2017\/11\/DSC_2339.jpg\"><img loading=\"lazy\" decoding=\"async\" data-attachment-id=\"1834\" data-permalink=\"https:\/\/www.winozesmakiem.net.pl\/?attachment_id=1834\" data-orig-file=\"https:\/\/www.winozesmakiem.net.pl\/wp-content\/uploads\/2017\/11\/DSC_2339.jpg\" data-orig-size=\"3264,2448\" data-comments-opened=\"1\" data-image-meta=\"{&quot;aperture&quot;:&quot;2&quot;,&quot;credit&quot;:&quot;&quot;,&quot;camera&quot;:&quot;F5121&quot;,&quot;caption&quot;:&quot;&quot;,&quot;created_timestamp&quot;:&quot;1509197554&quot;,&quot;copyright&quot;:&quot;&quot;,&quot;focal_length&quot;:&quot;4.23&quot;,&quot;iso&quot;:&quot;800&quot;,&quot;shutter_speed&quot;:&quot;0.0625&quot;,&quot;title&quot;:&quot;&quot;,&quot;orientation&quot;:&quot;1&quot;}\" data-image-title=\"DSC_2339\" data-image-description=\"\" data-image-caption=\"\" data-large-file=\"https:\/\/www.winozesmakiem.net.pl\/wp-content\/uploads\/2017\/11\/DSC_2339-1024x768.jpg\" class=\"alignleft size-large wp-image-1834\" src=\"https:\/\/www.winozesmakiem.net.pl\/wp-content\/uploads\/2017\/11\/DSC_2339-1024x768.jpg\" alt=\"\" width=\"525\" height=\"394\" srcset=\"https:\/\/www.winozesmakiem.net.pl\/wp-content\/uploads\/2017\/11\/DSC_2339-1024x768.jpg 1024w, https:\/\/www.winozesmakiem.net.pl\/wp-content\/uploads\/2017\/11\/DSC_2339-300x225.jpg 300w, https:\/\/www.winozesmakiem.net.pl\/wp-content\/uploads\/2017\/11\/DSC_2339-768x576.jpg 768w\" sizes=\"auto, (max-width: 525px) 85vw, 525px\" \/><\/a><\/p>\n<p>&nbsp;<\/p>\n<p>&nbsp;<\/p>\n<p>&nbsp;<\/p>\n<p>&nbsp;<\/p>\n<p>&nbsp;<\/p>\n<p>&nbsp;<\/p>\n<p>&nbsp;<\/p>\n<p>&nbsp;<\/p>\n<p>&nbsp;<\/p>\n<figure id=\"attachment_1835\" aria-describedby=\"caption-attachment-1835\" style=\"width: 525px\" class=\"wp-caption alignleft\"><a href=\"https:\/\/www.winozesmakiem.net.pl\/wp-content\/uploads\/2017\/11\/IMG_20171029_191014_352.jpg\"><img loading=\"lazy\" decoding=\"async\" data-attachment-id=\"1835\" data-permalink=\"https:\/\/www.winozesmakiem.net.pl\/?attachment_id=1835\" data-orig-file=\"https:\/\/www.winozesmakiem.net.pl\/wp-content\/uploads\/2017\/11\/IMG_20171029_191014_352.jpg\" data-orig-size=\"1564,1564\" data-comments-opened=\"1\" data-image-meta=\"{&quot;aperture&quot;:&quot;0&quot;,&quot;credit&quot;:&quot;&quot;,&quot;camera&quot;:&quot;&quot;,&quot;caption&quot;:&quot;&quot;,&quot;created_timestamp&quot;:&quot;0&quot;,&quot;copyright&quot;:&quot;&quot;,&quot;focal_length&quot;:&quot;0&quot;,&quot;iso&quot;:&quot;0&quot;,&quot;shutter_speed&quot;:&quot;0&quot;,&quot;title&quot;:&quot;&quot;,&quot;orientation&quot;:&quot;0&quot;}\" data-image-title=\"IMG_20171029_191014_352\" data-image-description=\"\" data-image-caption=\"&lt;p&gt;M.in. tych win pr\u00f3bowa\u0142em podczas mojej wizyty w pi\u0119knie po\u0142o\u017conej Quinta do Seixo w Douro &amp;#8211; wspomnienia powr\u00f3ci\u0142y&lt;\/p&gt;\n\" data-large-file=\"https:\/\/www.winozesmakiem.net.pl\/wp-content\/uploads\/2017\/11\/IMG_20171029_191014_352-1024x1024.jpg\" class=\"size-large wp-image-1835\" src=\"https:\/\/www.winozesmakiem.net.pl\/wp-content\/uploads\/2017\/11\/IMG_20171029_191014_352-1024x1024.jpg\" alt=\"\" width=\"525\" height=\"525\" srcset=\"https:\/\/www.winozesmakiem.net.pl\/wp-content\/uploads\/2017\/11\/IMG_20171029_191014_352-1024x1024.jpg 1024w, https:\/\/www.winozesmakiem.net.pl\/wp-content\/uploads\/2017\/11\/IMG_20171029_191014_352-150x150.jpg 150w, https:\/\/www.winozesmakiem.net.pl\/wp-content\/uploads\/2017\/11\/IMG_20171029_191014_352-300x300.jpg 300w, https:\/\/www.winozesmakiem.net.pl\/wp-content\/uploads\/2017\/11\/IMG_20171029_191014_352-768x768.jpg 768w, https:\/\/www.winozesmakiem.net.pl\/wp-content\/uploads\/2017\/11\/IMG_20171029_191014_352-100x100.jpg 100w, https:\/\/www.winozesmakiem.net.pl\/wp-content\/uploads\/2017\/11\/IMG_20171029_191014_352.jpg 1564w\" sizes=\"auto, (max-width: 525px) 85vw, 525px\" \/><\/a><figcaption id=\"caption-attachment-1835\" class=\"wp-caption-text\">M.in. tych win pr\u00f3bowa\u0142em podczas mojej wizyty w pi\u0119knie po\u0142o\u017conej Quinta do Seixo w Douro &#8211; wspomnienia powr\u00f3ci\u0142y<\/figcaption><\/figure>\n<p>&nbsp;<\/p>\n<p>&nbsp;<\/p>\n<p>&nbsp;<\/p>\n<p>&nbsp;<\/p>\n<p>&nbsp;<\/p>\n<p>&nbsp;<\/p>\n<p>&nbsp;<\/p>\n<p>&nbsp;<\/p>\n<p>&nbsp;<\/p>\n<p>&nbsp;<\/p>\n<p>&nbsp;<\/p>\n<p>&nbsp;<\/p>\n<figure id=\"attachment_1836\" aria-describedby=\"caption-attachment-1836\" style=\"width: 525px\" class=\"wp-caption alignleft\"><a href=\"https:\/\/www.winozesmakiem.net.pl\/wp-content\/uploads\/2017\/11\/DSC_2341.jpg\"><img loading=\"lazy\" decoding=\"async\" data-attachment-id=\"1836\" data-permalink=\"https:\/\/www.winozesmakiem.net.pl\/?attachment_id=1836\" data-orig-file=\"https:\/\/www.winozesmakiem.net.pl\/wp-content\/uploads\/2017\/11\/DSC_2341.jpg\" data-orig-size=\"3264,2448\" data-comments-opened=\"1\" data-image-meta=\"{&quot;aperture&quot;:&quot;2&quot;,&quot;credit&quot;:&quot;&quot;,&quot;camera&quot;:&quot;F5121&quot;,&quot;caption&quot;:&quot;&quot;,&quot;created_timestamp&quot;:&quot;1509197932&quot;,&quot;copyright&quot;:&quot;&quot;,&quot;focal_length&quot;:&quot;4.23&quot;,&quot;iso&quot;:&quot;800&quot;,&quot;shutter_speed&quot;:&quot;0.0625&quot;,&quot;title&quot;:&quot;&quot;,&quot;orientation&quot;:&quot;1&quot;}\" data-image-title=\"DSC_2341\" data-image-description=\"\" data-image-caption=\"&lt;p&gt;Bardzo dobre Dao&lt;\/p&gt;\n\" data-large-file=\"https:\/\/www.winozesmakiem.net.pl\/wp-content\/uploads\/2017\/11\/DSC_2341-1024x768.jpg\" class=\"size-large wp-image-1836\" src=\"https:\/\/www.winozesmakiem.net.pl\/wp-content\/uploads\/2017\/11\/DSC_2341-1024x768.jpg\" alt=\"\" width=\"525\" height=\"394\" srcset=\"https:\/\/www.winozesmakiem.net.pl\/wp-content\/uploads\/2017\/11\/DSC_2341-1024x768.jpg 1024w, https:\/\/www.winozesmakiem.net.pl\/wp-content\/uploads\/2017\/11\/DSC_2341-300x225.jpg 300w, https:\/\/www.winozesmakiem.net.pl\/wp-content\/uploads\/2017\/11\/DSC_2341-768x576.jpg 768w\" sizes=\"auto, (max-width: 525px) 85vw, 525px\" \/><\/a><figcaption id=\"caption-attachment-1836\" class=\"wp-caption-text\">Bardzo dobre Dao<\/figcaption><\/figure>\n<p>&nbsp;<\/p>\n<p>&nbsp;<\/p>\n<p>&nbsp;<\/p>\n<p>&nbsp;<\/p>\n<p>&nbsp;<\/p>\n<p>&nbsp;<\/p>\n<p>&nbsp;<\/p>\n<p>&nbsp;<\/p>\n<p>&nbsp;<\/p>\n<p><a href=\"https:\/\/www.winozesmakiem.net.pl\/wp-content\/uploads\/2017\/11\/DSC_2342.jpg\"><img loading=\"lazy\" decoding=\"async\" data-attachment-id=\"1837\" data-permalink=\"https:\/\/www.winozesmakiem.net.pl\/?attachment_id=1837\" data-orig-file=\"https:\/\/www.winozesmakiem.net.pl\/wp-content\/uploads\/2017\/11\/DSC_2342.jpg\" data-orig-size=\"3264,2448\" data-comments-opened=\"1\" data-image-meta=\"{&quot;aperture&quot;:&quot;2&quot;,&quot;credit&quot;:&quot;&quot;,&quot;camera&quot;:&quot;F5121&quot;,&quot;caption&quot;:&quot;&quot;,&quot;created_timestamp&quot;:&quot;1509197944&quot;,&quot;copyright&quot;:&quot;&quot;,&quot;focal_length&quot;:&quot;4.23&quot;,&quot;iso&quot;:&quot;800&quot;,&quot;shutter_speed&quot;:&quot;0.04&quot;,&quot;title&quot;:&quot;&quot;,&quot;orientation&quot;:&quot;1&quot;}\" data-image-title=\"DSC_2342\" data-image-description=\"\" data-image-caption=\"\" data-large-file=\"https:\/\/www.winozesmakiem.net.pl\/wp-content\/uploads\/2017\/11\/DSC_2342-1024x768.jpg\" class=\"alignleft size-large wp-image-1837\" src=\"https:\/\/www.winozesmakiem.net.pl\/wp-content\/uploads\/2017\/11\/DSC_2342-1024x768.jpg\" alt=\"\" width=\"525\" height=\"394\" srcset=\"https:\/\/www.winozesmakiem.net.pl\/wp-content\/uploads\/2017\/11\/DSC_2342-1024x768.jpg 1024w, https:\/\/www.winozesmakiem.net.pl\/wp-content\/uploads\/2017\/11\/DSC_2342-300x225.jpg 300w, https:\/\/www.winozesmakiem.net.pl\/wp-content\/uploads\/2017\/11\/DSC_2342-768x576.jpg 768w\" sizes=\"auto, (max-width: 525px) 85vw, 525px\" \/><\/a><\/p>\n<p>&nbsp;<\/p>\n<p>&nbsp;<\/p>\n<p>&nbsp;<\/p>\n<p>&nbsp;<\/p>\n<p>&nbsp;<\/p>\n<p>&nbsp;<\/p>\n<p>&nbsp;<\/p>\n<p>&nbsp;<\/p>\n<p><a href=\"https:\/\/www.winozesmakiem.net.pl\/wp-content\/uploads\/2017\/11\/DSC_2365.jpg\"><img loading=\"lazy\" decoding=\"async\" data-attachment-id=\"1838\" data-permalink=\"https:\/\/www.winozesmakiem.net.pl\/?attachment_id=1838\" data-orig-file=\"https:\/\/www.winozesmakiem.net.pl\/wp-content\/uploads\/2017\/11\/DSC_2365.jpg\" data-orig-size=\"3264,2448\" data-comments-opened=\"1\" data-image-meta=\"{&quot;aperture&quot;:&quot;2&quot;,&quot;credit&quot;:&quot;&quot;,&quot;camera&quot;:&quot;F5121&quot;,&quot;caption&quot;:&quot;&quot;,&quot;created_timestamp&quot;:&quot;1509204495&quot;,&quot;copyright&quot;:&quot;&quot;,&quot;focal_length&quot;:&quot;4.23&quot;,&quot;iso&quot;:&quot;400&quot;,&quot;shutter_speed&quot;:&quot;0.03125&quot;,&quot;title&quot;:&quot;&quot;,&quot;orientation&quot;:&quot;1&quot;}\" data-image-title=\"DSC_2365\" data-image-description=\"\" data-image-caption=\"\" data-large-file=\"https:\/\/www.winozesmakiem.net.pl\/wp-content\/uploads\/2017\/11\/DSC_2365-1024x768.jpg\" class=\"alignleft size-large wp-image-1838\" src=\"https:\/\/www.winozesmakiem.net.pl\/wp-content\/uploads\/2017\/11\/DSC_2365-1024x768.jpg\" alt=\"\" width=\"525\" height=\"394\" srcset=\"https:\/\/www.winozesmakiem.net.pl\/wp-content\/uploads\/2017\/11\/DSC_2365-1024x768.jpg 1024w, https:\/\/www.winozesmakiem.net.pl\/wp-content\/uploads\/2017\/11\/DSC_2365-300x225.jpg 300w, https:\/\/www.winozesmakiem.net.pl\/wp-content\/uploads\/2017\/11\/DSC_2365-768x576.jpg 768w\" sizes=\"auto, (max-width: 525px) 85vw, 525px\" \/><\/a><\/p>\n<p>&nbsp;<\/p>\n<p>&nbsp;<\/p>\n<p>&nbsp;<\/p>\n<p>&nbsp;<\/p>\n<p>&nbsp;<\/p>\n<p>&nbsp;<\/p>\n<p>&nbsp;<\/p>\n<p>&nbsp;<\/p>\n<p>&nbsp;<\/p>\n<p><a href=\"https:\/\/www.winozesmakiem.net.pl\/wp-content\/uploads\/2017\/11\/DSC_2382.jpg\"><img loading=\"lazy\" decoding=\"async\" data-attachment-id=\"1839\" data-permalink=\"https:\/\/www.winozesmakiem.net.pl\/?attachment_id=1839\" data-orig-file=\"https:\/\/www.winozesmakiem.net.pl\/wp-content\/uploads\/2017\/11\/DSC_2382.jpg\" data-orig-size=\"3264,2448\" data-comments-opened=\"1\" data-image-meta=\"{&quot;aperture&quot;:&quot;2&quot;,&quot;credit&quot;:&quot;&quot;,&quot;camera&quot;:&quot;F5121&quot;,&quot;caption&quot;:&quot;&quot;,&quot;created_timestamp&quot;:&quot;1509209940&quot;,&quot;copyright&quot;:&quot;&quot;,&quot;focal_length&quot;:&quot;4.23&quot;,&quot;iso&quot;:&quot;400&quot;,&quot;shutter_speed&quot;:&quot;0.03125&quot;,&quot;title&quot;:&quot;&quot;,&quot;orientation&quot;:&quot;1&quot;}\" data-image-title=\"DSC_2382\" data-image-description=\"\" data-image-caption=\"\" data-large-file=\"https:\/\/www.winozesmakiem.net.pl\/wp-content\/uploads\/2017\/11\/DSC_2382-1024x768.jpg\" class=\"alignleft size-large wp-image-1839\" src=\"https:\/\/www.winozesmakiem.net.pl\/wp-content\/uploads\/2017\/11\/DSC_2382-1024x768.jpg\" alt=\"\" width=\"525\" height=\"394\" srcset=\"https:\/\/www.winozesmakiem.net.pl\/wp-content\/uploads\/2017\/11\/DSC_2382-1024x768.jpg 1024w, https:\/\/www.winozesmakiem.net.pl\/wp-content\/uploads\/2017\/11\/DSC_2382-300x225.jpg 300w, https:\/\/www.winozesmakiem.net.pl\/wp-content\/uploads\/2017\/11\/DSC_2382-768x576.jpg 768w\" sizes=\"auto, (max-width: 525px) 85vw, 525px\" \/><\/a><\/p>\n<p>&nbsp;<\/p>\n<p>&nbsp;<\/p>\n<p>&nbsp;<\/p>\n<p>&nbsp;<\/p>\n<p>&nbsp;<\/p>\n<p>&nbsp;<\/p>\n<p>&nbsp;<\/p>\n<p>&nbsp;<\/p>\n<p>&nbsp;<\/p>\n<p>&nbsp;<\/p>\n<figure id=\"attachment_1840\" aria-describedby=\"caption-attachment-1840\" style=\"width: 525px\" class=\"wp-caption alignleft\"><a href=\"https:\/\/www.winozesmakiem.net.pl\/wp-content\/uploads\/2017\/11\/DSC_2327.jpg\"><img loading=\"lazy\" decoding=\"async\" data-attachment-id=\"1840\" data-permalink=\"https:\/\/www.winozesmakiem.net.pl\/?attachment_id=1840\" data-orig-file=\"https:\/\/www.winozesmakiem.net.pl\/wp-content\/uploads\/2017\/11\/DSC_2327.jpg\" data-orig-size=\"3264,2448\" data-comments-opened=\"1\" data-image-meta=\"{&quot;aperture&quot;:&quot;2&quot;,&quot;credit&quot;:&quot;&quot;,&quot;camera&quot;:&quot;F5121&quot;,&quot;caption&quot;:&quot;&quot;,&quot;created_timestamp&quot;:&quot;1509195814&quot;,&quot;copyright&quot;:&quot;&quot;,&quot;focal_length&quot;:&quot;4.23&quot;,&quot;iso&quot;:&quot;800&quot;,&quot;shutter_speed&quot;:&quot;0.0625&quot;,&quot;title&quot;:&quot;&quot;,&quot;orientation&quot;:&quot;1&quot;}\" data-image-title=\"DSC_2327\" data-image-description=\"\" data-image-caption=\"&lt;p&gt;Moje ukochane Assyrtiko z Santorynu od sp\u00f3\u0142dzielni SantoWines &amp;#8211; najwi\u0119kszego producenta na wyspie. Przypomnia\u0142em sobie podr\u00f3\u017c w to pi\u0119kne miejsce, gdzie powstaj\u0105 jedne z najlepszych greckich win.&lt;\/p&gt;\n\" data-large-file=\"https:\/\/www.winozesmakiem.net.pl\/wp-content\/uploads\/2017\/11\/DSC_2327-1024x768.jpg\" class=\"size-large wp-image-1840\" src=\"https:\/\/www.winozesmakiem.net.pl\/wp-content\/uploads\/2017\/11\/DSC_2327-1024x768.jpg\" alt=\"\" width=\"525\" height=\"394\" srcset=\"https:\/\/www.winozesmakiem.net.pl\/wp-content\/uploads\/2017\/11\/DSC_2327-1024x768.jpg 1024w, https:\/\/www.winozesmakiem.net.pl\/wp-content\/uploads\/2017\/11\/DSC_2327-300x225.jpg 300w, https:\/\/www.winozesmakiem.net.pl\/wp-content\/uploads\/2017\/11\/DSC_2327-768x576.jpg 768w\" sizes=\"auto, (max-width: 525px) 85vw, 525px\" \/><\/a><figcaption id=\"caption-attachment-1840\" class=\"wp-caption-text\">Moje ukochane Assyrtiko z Santorynu od sp\u00f3\u0142dzielni SantoWines &#8211; najwi\u0119kszego producenta na wyspie. Przypomnia\u0142em sobie podr\u00f3\u017c w to pi\u0119kne miejsce, gdzie powstaj\u0105 jedne z najlepszych greckich win.<\/figcaption><\/figure>\n<p>&nbsp;<\/p>\n<p>&nbsp;<\/p>\n<p>&nbsp;<\/p>\n<p>&nbsp;<\/p>\n<p>&nbsp;<\/p>\n<p>&nbsp;<\/p>\n<p>&nbsp;<\/p>\n<p>&nbsp;<\/p>\n<p>&nbsp;<\/p>\n<p>&nbsp;<\/p>\n<p><a href=\"https:\/\/www.winozesmakiem.net.pl\/wp-content\/uploads\/2017\/11\/DSC_2329.jpg\"><img loading=\"lazy\" decoding=\"async\" data-attachment-id=\"1841\" data-permalink=\"https:\/\/www.winozesmakiem.net.pl\/?attachment_id=1841\" data-orig-file=\"https:\/\/www.winozesmakiem.net.pl\/wp-content\/uploads\/2017\/11\/DSC_2329.jpg\" data-orig-size=\"3264,2448\" data-comments-opened=\"1\" data-image-meta=\"{&quot;aperture&quot;:&quot;2&quot;,&quot;credit&quot;:&quot;&quot;,&quot;camera&quot;:&quot;F5121&quot;,&quot;caption&quot;:&quot;&quot;,&quot;created_timestamp&quot;:&quot;1509195879&quot;,&quot;copyright&quot;:&quot;&quot;,&quot;focal_length&quot;:&quot;4.23&quot;,&quot;iso&quot;:&quot;1000&quot;,&quot;shutter_speed&quot;:&quot;0.0625&quot;,&quot;title&quot;:&quot;&quot;,&quot;orientation&quot;:&quot;1&quot;}\" data-image-title=\"DSC_2329\" data-image-description=\"\" data-image-caption=\"\" data-large-file=\"https:\/\/www.winozesmakiem.net.pl\/wp-content\/uploads\/2017\/11\/DSC_2329-1024x768.jpg\" class=\"alignleft size-large wp-image-1841\" src=\"https:\/\/www.winozesmakiem.net.pl\/wp-content\/uploads\/2017\/11\/DSC_2329-1024x768.jpg\" alt=\"\" width=\"525\" height=\"394\" srcset=\"https:\/\/www.winozesmakiem.net.pl\/wp-content\/uploads\/2017\/11\/DSC_2329-1024x768.jpg 1024w, https:\/\/www.winozesmakiem.net.pl\/wp-content\/uploads\/2017\/11\/DSC_2329-300x225.jpg 300w, https:\/\/www.winozesmakiem.net.pl\/wp-content\/uploads\/2017\/11\/DSC_2329-768x576.jpg 768w\" sizes=\"auto, (max-width: 525px) 85vw, 525px\" \/><\/a><\/p>\n<p>&nbsp;<\/p>\n<p>&nbsp;<\/p>\n<p>&nbsp;<\/p>\n<p>&nbsp;<\/p>\n<p>&nbsp;<\/p>\n<p>&nbsp;<\/p>\n<p>&nbsp;<\/p>\n<p>&nbsp;<\/p>\n<p>&nbsp;<\/p>\n<figure id=\"attachment_1842\" aria-describedby=\"caption-attachment-1842\" style=\"width: 525px\" class=\"wp-caption alignleft\"><a href=\"https:\/\/www.winozesmakiem.net.pl\/wp-content\/uploads\/2017\/11\/IMG_20171030_222624_461.jpg\"><img loading=\"lazy\" decoding=\"async\" data-attachment-id=\"1842\" data-permalink=\"https:\/\/www.winozesmakiem.net.pl\/?attachment_id=1842\" data-orig-file=\"https:\/\/www.winozesmakiem.net.pl\/wp-content\/uploads\/2017\/11\/IMG_20171030_222624_461.jpg\" data-orig-size=\"1080,1080\" data-comments-opened=\"1\" data-image-meta=\"{&quot;aperture&quot;:&quot;0&quot;,&quot;credit&quot;:&quot;&quot;,&quot;camera&quot;:&quot;&quot;,&quot;caption&quot;:&quot;&quot;,&quot;created_timestamp&quot;:&quot;0&quot;,&quot;copyright&quot;:&quot;&quot;,&quot;focal_length&quot;:&quot;0&quot;,&quot;iso&quot;:&quot;0&quot;,&quot;shutter_speed&quot;:&quot;0&quot;,&quot;title&quot;:&quot;&quot;,&quot;orientation&quot;:&quot;0&quot;}\" data-image-title=\"IMG_20171030_222624_461\" data-image-description=\"\" data-image-caption=\"&lt;p&gt;Tego przedstawia\u0107 chyba nie musz\u0119 &amp;#8211; Vinsanto&lt;\/p&gt;\n\" data-large-file=\"https:\/\/www.winozesmakiem.net.pl\/wp-content\/uploads\/2017\/11\/IMG_20171030_222624_461-1024x1024.jpg\" class=\"size-large wp-image-1842\" src=\"https:\/\/www.winozesmakiem.net.pl\/wp-content\/uploads\/2017\/11\/IMG_20171030_222624_461-1024x1024.jpg\" alt=\"\" width=\"525\" height=\"525\" srcset=\"https:\/\/www.winozesmakiem.net.pl\/wp-content\/uploads\/2017\/11\/IMG_20171030_222624_461-1024x1024.jpg 1024w, https:\/\/www.winozesmakiem.net.pl\/wp-content\/uploads\/2017\/11\/IMG_20171030_222624_461-150x150.jpg 150w, https:\/\/www.winozesmakiem.net.pl\/wp-content\/uploads\/2017\/11\/IMG_20171030_222624_461-300x300.jpg 300w, https:\/\/www.winozesmakiem.net.pl\/wp-content\/uploads\/2017\/11\/IMG_20171030_222624_461-768x768.jpg 768w, https:\/\/www.winozesmakiem.net.pl\/wp-content\/uploads\/2017\/11\/IMG_20171030_222624_461-100x100.jpg 100w, https:\/\/www.winozesmakiem.net.pl\/wp-content\/uploads\/2017\/11\/IMG_20171030_222624_461.jpg 1080w\" sizes=\"auto, (max-width: 525px) 85vw, 525px\" \/><\/a><figcaption id=\"caption-attachment-1842\" class=\"wp-caption-text\">Tego przedstawia\u0107 chyba nie musz\u0119 &#8211; Vinsanto<\/figcaption><\/figure>\n<p>&nbsp;<\/p>\n<p>&nbsp;<\/p>\n<p>&nbsp;<\/p>\n<p>&nbsp;<\/p>\n<p>&nbsp;<\/p>\n<p>&nbsp;<\/p>\n<p>&nbsp;<\/p>\n<p>&nbsp;<\/p>\n<p>&nbsp;<\/p>\n<p>&nbsp;<\/p>\n<p>&nbsp;<\/p>\n<p><a href=\"https:\/\/www.winozesmakiem.net.pl\/wp-content\/uploads\/2017\/11\/DSC_2330.jpg\"><img loading=\"lazy\" decoding=\"async\" data-attachment-id=\"1843\" data-permalink=\"https:\/\/www.winozesmakiem.net.pl\/?attachment_id=1843\" data-orig-file=\"https:\/\/www.winozesmakiem.net.pl\/wp-content\/uploads\/2017\/11\/DSC_2330.jpg\" data-orig-size=\"3264,2448\" data-comments-opened=\"1\" data-image-meta=\"{&quot;aperture&quot;:&quot;2&quot;,&quot;credit&quot;:&quot;&quot;,&quot;camera&quot;:&quot;F5121&quot;,&quot;caption&quot;:&quot;&quot;,&quot;created_timestamp&quot;:&quot;1509196058&quot;,&quot;copyright&quot;:&quot;&quot;,&quot;focal_length&quot;:&quot;4.23&quot;,&quot;iso&quot;:&quot;800&quot;,&quot;shutter_speed&quot;:&quot;0.04&quot;,&quot;title&quot;:&quot;&quot;,&quot;orientation&quot;:&quot;1&quot;}\" data-image-title=\"DSC_2330\" data-image-description=\"\" data-image-caption=\"\" data-large-file=\"https:\/\/www.winozesmakiem.net.pl\/wp-content\/uploads\/2017\/11\/DSC_2330-1024x768.jpg\" class=\"alignleft size-large wp-image-1843\" src=\"https:\/\/www.winozesmakiem.net.pl\/wp-content\/uploads\/2017\/11\/DSC_2330-1024x768.jpg\" alt=\"\" width=\"525\" height=\"394\" srcset=\"https:\/\/www.winozesmakiem.net.pl\/wp-content\/uploads\/2017\/11\/DSC_2330-1024x768.jpg 1024w, https:\/\/www.winozesmakiem.net.pl\/wp-content\/uploads\/2017\/11\/DSC_2330-300x225.jpg 300w, https:\/\/www.winozesmakiem.net.pl\/wp-content\/uploads\/2017\/11\/DSC_2330-768x576.jpg 768w\" sizes=\"auto, (max-width: 525px) 85vw, 525px\" \/><\/a><\/p>\n<p>&nbsp;<\/p>\n<p>&nbsp;<\/p>\n<p>&nbsp;<\/p>\n<p>&nbsp;<\/p>\n<p>&nbsp;<\/p>\n<p>&nbsp;<\/p>\n<p>&nbsp;<\/p>\n<p>&nbsp;<\/p>\n<p>&nbsp;<\/p>\n<p><a href=\"https:\/\/www.winozesmakiem.net.pl\/wp-content\/uploads\/2017\/11\/DSC_2328.jpg\"><img loading=\"lazy\" decoding=\"async\" data-attachment-id=\"1844\" data-permalink=\"https:\/\/www.winozesmakiem.net.pl\/?attachment_id=1844\" data-orig-file=\"https:\/\/www.winozesmakiem.net.pl\/wp-content\/uploads\/2017\/11\/DSC_2328.jpg\" data-orig-size=\"3264,2448\" data-comments-opened=\"1\" data-image-meta=\"{&quot;aperture&quot;:&quot;2&quot;,&quot;credit&quot;:&quot;&quot;,&quot;camera&quot;:&quot;F5121&quot;,&quot;caption&quot;:&quot;&quot;,&quot;created_timestamp&quot;:&quot;1509195872&quot;,&quot;copyright&quot;:&quot;&quot;,&quot;focal_length&quot;:&quot;4.23&quot;,&quot;iso&quot;:&quot;1250&quot;,&quot;shutter_speed&quot;:&quot;0.0625&quot;,&quot;title&quot;:&quot;&quot;,&quot;orientation&quot;:&quot;1&quot;}\" data-image-title=\"DSC_2328\" data-image-description=\"\" data-image-caption=\"\" data-large-file=\"https:\/\/www.winozesmakiem.net.pl\/wp-content\/uploads\/2017\/11\/DSC_2328-1024x768.jpg\" class=\"alignleft size-large wp-image-1844\" src=\"https:\/\/www.winozesmakiem.net.pl\/wp-content\/uploads\/2017\/11\/DSC_2328-1024x768.jpg\" alt=\"\" width=\"525\" height=\"394\" srcset=\"https:\/\/www.winozesmakiem.net.pl\/wp-content\/uploads\/2017\/11\/DSC_2328-1024x768.jpg 1024w, https:\/\/www.winozesmakiem.net.pl\/wp-content\/uploads\/2017\/11\/DSC_2328-300x225.jpg 300w, https:\/\/www.winozesmakiem.net.pl\/wp-content\/uploads\/2017\/11\/DSC_2328-768x576.jpg 768w\" sizes=\"auto, (max-width: 525px) 85vw, 525px\" \/><\/a><\/p>\n<p>&nbsp;<\/p>\n<p>&nbsp;<\/p>\n<p>&nbsp;<\/p>\n<p>&nbsp;<\/p>\n<p>&nbsp;<\/p>\n<p>&nbsp;<\/p>\n<p>&nbsp;<\/p>\n<p>&nbsp;<\/p>\n<p>&nbsp;<\/p>\n<figure id=\"attachment_1845\" aria-describedby=\"caption-attachment-1845\" style=\"width: 525px\" class=\"wp-caption alignleft\"><a href=\"https:\/\/www.winozesmakiem.net.pl\/wp-content\/uploads\/2017\/11\/DSC_2334.jpg\"><img loading=\"lazy\" decoding=\"async\" data-attachment-id=\"1845\" data-permalink=\"https:\/\/www.winozesmakiem.net.pl\/?attachment_id=1845\" data-orig-file=\"https:\/\/www.winozesmakiem.net.pl\/wp-content\/uploads\/2017\/11\/DSC_2334.jpg\" data-orig-size=\"3010,2258\" data-comments-opened=\"1\" data-image-meta=\"{&quot;aperture&quot;:&quot;2&quot;,&quot;credit&quot;:&quot;&quot;,&quot;camera&quot;:&quot;F5121&quot;,&quot;caption&quot;:&quot;&quot;,&quot;created_timestamp&quot;:&quot;1509196458&quot;,&quot;copyright&quot;:&quot;&quot;,&quot;focal_length&quot;:&quot;4.23&quot;,&quot;iso&quot;:&quot;1250&quot;,&quot;shutter_speed&quot;:&quot;0.0625&quot;,&quot;title&quot;:&quot;&quot;,&quot;orientation&quot;:&quot;1&quot;}\" data-image-title=\"DSC_2334\" data-image-description=\"\" data-image-caption=\"&lt;p&gt;Znalaz\u0142o si\u0119 te\u017c co\u015b z Cypru, w tym s\u0142ynna Commandaria&lt;\/p&gt;\n\" data-large-file=\"https:\/\/www.winozesmakiem.net.pl\/wp-content\/uploads\/2017\/11\/DSC_2334-1024x768.jpg\" class=\"size-large wp-image-1845\" src=\"https:\/\/www.winozesmakiem.net.pl\/wp-content\/uploads\/2017\/11\/DSC_2334-1024x768.jpg\" alt=\"\" width=\"525\" height=\"394\" srcset=\"https:\/\/www.winozesmakiem.net.pl\/wp-content\/uploads\/2017\/11\/DSC_2334-1024x768.jpg 1024w, https:\/\/www.winozesmakiem.net.pl\/wp-content\/uploads\/2017\/11\/DSC_2334-300x225.jpg 300w, https:\/\/www.winozesmakiem.net.pl\/wp-content\/uploads\/2017\/11\/DSC_2334-768x576.jpg 768w\" sizes=\"auto, (max-width: 525px) 85vw, 525px\" \/><\/a><figcaption id=\"caption-attachment-1845\" class=\"wp-caption-text\">Znalaz\u0142o si\u0119 te\u017c co\u015b z Cypru, w tym s\u0142ynna Commandaria<\/figcaption><\/figure>\n<p>&nbsp;<\/p>\n<p>&nbsp;<\/p>\n<p>&nbsp;<\/p>\n<p>&nbsp;<\/p>\n<p>&nbsp;<\/p>\n<p>&nbsp;<\/p>\n<p>&nbsp;<\/p>\n<p>&nbsp;<\/p>\n<p>&nbsp;<\/p>\n<p><a href=\"https:\/\/www.winozesmakiem.net.pl\/wp-content\/uploads\/2017\/11\/DSC_2333.jpg\"><img loading=\"lazy\" decoding=\"async\" data-attachment-id=\"1846\" data-permalink=\"https:\/\/www.winozesmakiem.net.pl\/?attachment_id=1846\" data-orig-file=\"https:\/\/www.winozesmakiem.net.pl\/wp-content\/uploads\/2017\/11\/DSC_2333.jpg\" data-orig-size=\"2286,1715\" data-comments-opened=\"1\" data-image-meta=\"{&quot;aperture&quot;:&quot;2&quot;,&quot;credit&quot;:&quot;&quot;,&quot;camera&quot;:&quot;F5121&quot;,&quot;caption&quot;:&quot;&quot;,&quot;created_timestamp&quot;:&quot;1509196452&quot;,&quot;copyright&quot;:&quot;&quot;,&quot;focal_length&quot;:&quot;4.23&quot;,&quot;iso&quot;:&quot;1250&quot;,&quot;shutter_speed&quot;:&quot;0.0625&quot;,&quot;title&quot;:&quot;&quot;,&quot;orientation&quot;:&quot;1&quot;}\" data-image-title=\"DSC_2333\" data-image-description=\"\" data-image-caption=\"\" data-large-file=\"https:\/\/www.winozesmakiem.net.pl\/wp-content\/uploads\/2017\/11\/DSC_2333-1024x768.jpg\" class=\"alignleft size-large wp-image-1846\" src=\"https:\/\/www.winozesmakiem.net.pl\/wp-content\/uploads\/2017\/11\/DSC_2333-1024x768.jpg\" alt=\"\" width=\"525\" height=\"394\" srcset=\"https:\/\/www.winozesmakiem.net.pl\/wp-content\/uploads\/2017\/11\/DSC_2333-1024x768.jpg 1024w, https:\/\/www.winozesmakiem.net.pl\/wp-content\/uploads\/2017\/11\/DSC_2333-300x225.jpg 300w, https:\/\/www.winozesmakiem.net.pl\/wp-content\/uploads\/2017\/11\/DSC_2333-768x576.jpg 768w\" sizes=\"auto, (max-width: 525px) 85vw, 525px\" \/><\/a><\/p>\n<p>&nbsp;<\/p>\n<p>&nbsp;<\/p>\n<p>&nbsp;<\/p>\n<p>&nbsp;<\/p>\n<p>&nbsp;<\/p>\n<p>&nbsp;<\/p>\n<p>&nbsp;<\/p>\n<p>&nbsp;<\/p>\n<p>&nbsp;<\/p>\n<p><a href=\"https:\/\/www.winozesmakiem.net.pl\/wp-content\/uploads\/2017\/11\/IMG_20171028_225229_651.jpg\"><img loading=\"lazy\" decoding=\"async\" data-attachment-id=\"1847\" data-permalink=\"https:\/\/www.winozesmakiem.net.pl\/?attachment_id=1847\" data-orig-file=\"https:\/\/www.winozesmakiem.net.pl\/wp-content\/uploads\/2017\/11\/IMG_20171028_225229_651.jpg\" data-orig-size=\"2011,1115\" data-comments-opened=\"1\" data-image-meta=\"{&quot;aperture&quot;:&quot;0&quot;,&quot;credit&quot;:&quot;&quot;,&quot;camera&quot;:&quot;&quot;,&quot;caption&quot;:&quot;&quot;,&quot;created_timestamp&quot;:&quot;0&quot;,&quot;copyright&quot;:&quot;&quot;,&quot;focal_length&quot;:&quot;0&quot;,&quot;iso&quot;:&quot;0&quot;,&quot;shutter_speed&quot;:&quot;0&quot;,&quot;title&quot;:&quot;&quot;,&quot;orientation&quot;:&quot;0&quot;}\" data-image-title=\"IMG_20171028_225229_651\" data-image-description=\"\" data-image-caption=\"\" data-large-file=\"https:\/\/www.winozesmakiem.net.pl\/wp-content\/uploads\/2017\/11\/IMG_20171028_225229_651-1024x568.jpg\" class=\"alignleft size-large wp-image-1847\" src=\"https:\/\/www.winozesmakiem.net.pl\/wp-content\/uploads\/2017\/11\/IMG_20171028_225229_651-1024x568.jpg\" alt=\"\" width=\"525\" height=\"291\" srcset=\"https:\/\/www.winozesmakiem.net.pl\/wp-content\/uploads\/2017\/11\/IMG_20171028_225229_651-1024x568.jpg 1024w, https:\/\/www.winozesmakiem.net.pl\/wp-content\/uploads\/2017\/11\/IMG_20171028_225229_651-300x166.jpg 300w, https:\/\/www.winozesmakiem.net.pl\/wp-content\/uploads\/2017\/11\/IMG_20171028_225229_651-768x426.jpg 768w, https:\/\/www.winozesmakiem.net.pl\/wp-content\/uploads\/2017\/11\/IMG_20171028_225229_651.jpg 2011w\" sizes=\"auto, (max-width: 525px) 85vw, 525px\" \/><\/a><\/p>\n<p>&nbsp;<\/p>\n<p>&nbsp;<\/p>\n<p>&nbsp;<\/p>\n<p>&nbsp;<\/p>\n<p>&nbsp;<\/p>\n<p>&nbsp;<\/p>\n<p>&nbsp;<\/p>\n<figure id=\"attachment_1848\" aria-describedby=\"caption-attachment-1848\" style=\"width: 525px\" class=\"wp-caption alignleft\"><a href=\"https:\/\/www.winozesmakiem.net.pl\/wp-content\/uploads\/2017\/11\/IMG_20171031_211146_212.jpg\"><img loading=\"lazy\" decoding=\"async\" data-attachment-id=\"1848\" data-permalink=\"https:\/\/www.winozesmakiem.net.pl\/?attachment_id=1848\" data-orig-file=\"https:\/\/www.winozesmakiem.net.pl\/wp-content\/uploads\/2017\/11\/IMG_20171031_211146_212.jpg\" data-orig-size=\"2448,2448\" data-comments-opened=\"1\" data-image-meta=\"{&quot;aperture&quot;:&quot;0&quot;,&quot;credit&quot;:&quot;&quot;,&quot;camera&quot;:&quot;&quot;,&quot;caption&quot;:&quot;&quot;,&quot;created_timestamp&quot;:&quot;0&quot;,&quot;copyright&quot;:&quot;&quot;,&quot;focal_length&quot;:&quot;0&quot;,&quot;iso&quot;:&quot;0&quot;,&quot;shutter_speed&quot;:&quot;0&quot;,&quot;title&quot;:&quot;&quot;,&quot;orientation&quot;:&quot;0&quot;}\" data-image-title=\"IMG_20171031_211146_212\" data-image-description=\"\" data-image-caption=\"&lt;p&gt;Niezwykle ciekawy Syrah z Sycylii&lt;\/p&gt;\n\" data-large-file=\"https:\/\/www.winozesmakiem.net.pl\/wp-content\/uploads\/2017\/11\/IMG_20171031_211146_212-1024x1024.jpg\" class=\"size-large wp-image-1848\" src=\"https:\/\/www.winozesmakiem.net.pl\/wp-content\/uploads\/2017\/11\/IMG_20171031_211146_212-1024x1024.jpg\" alt=\"\" width=\"525\" height=\"525\" srcset=\"https:\/\/www.winozesmakiem.net.pl\/wp-content\/uploads\/2017\/11\/IMG_20171031_211146_212-1024x1024.jpg 1024w, https:\/\/www.winozesmakiem.net.pl\/wp-content\/uploads\/2017\/11\/IMG_20171031_211146_212-150x150.jpg 150w, https:\/\/www.winozesmakiem.net.pl\/wp-content\/uploads\/2017\/11\/IMG_20171031_211146_212-300x300.jpg 300w, https:\/\/www.winozesmakiem.net.pl\/wp-content\/uploads\/2017\/11\/IMG_20171031_211146_212-768x768.jpg 768w, https:\/\/www.winozesmakiem.net.pl\/wp-content\/uploads\/2017\/11\/IMG_20171031_211146_212-100x100.jpg 100w\" sizes=\"auto, (max-width: 525px) 85vw, 525px\" \/><\/a><figcaption id=\"caption-attachment-1848\" class=\"wp-caption-text\">Niezwykle ciekawy Syrah z Sycylii<\/figcaption><\/figure>\n<p>&nbsp;<\/p>\n<p>&nbsp;<\/p>\n<p>&nbsp;<\/p>\n<p>&nbsp;<\/p>\n<p>&nbsp;<\/p>\n<p>&nbsp;<\/p>\n<p>&nbsp;<\/p>\n<p>&nbsp;<\/p>\n<p>&nbsp;<\/p>\n<p>&nbsp;<\/p>\n<p>&nbsp;<\/p>\n<p>&nbsp;<\/p>\n<figure id=\"attachment_1849\" aria-describedby=\"caption-attachment-1849\" style=\"width: 525px\" class=\"wp-caption alignleft\"><a href=\"https:\/\/www.winozesmakiem.net.pl\/wp-content\/uploads\/2017\/11\/IMG_20171031_211608_786.jpg\"><img loading=\"lazy\" decoding=\"async\" data-attachment-id=\"1849\" data-permalink=\"https:\/\/www.winozesmakiem.net.pl\/?attachment_id=1849\" data-orig-file=\"https:\/\/www.winozesmakiem.net.pl\/wp-content\/uploads\/2017\/11\/IMG_20171031_211608_786.jpg\" data-orig-size=\"2448,2448\" data-comments-opened=\"1\" data-image-meta=\"{&quot;aperture&quot;:&quot;0&quot;,&quot;credit&quot;:&quot;&quot;,&quot;camera&quot;:&quot;&quot;,&quot;caption&quot;:&quot;&quot;,&quot;created_timestamp&quot;:&quot;0&quot;,&quot;copyright&quot;:&quot;&quot;,&quot;focal_length&quot;:&quot;0&quot;,&quot;iso&quot;:&quot;0&quot;,&quot;shutter_speed&quot;:&quot;0&quot;,&quot;title&quot;:&quot;&quot;,&quot;orientation&quot;:&quot;0&quot;}\" data-image-title=\"IMG_20171031_211608_786\" data-image-description=\"\" data-image-caption=\"&lt;p&gt;I nie mniej interesuj\u0105cy sycylijski Syrah z p\u00f3\u017anego zbioru&lt;\/p&gt;\n\" data-large-file=\"https:\/\/www.winozesmakiem.net.pl\/wp-content\/uploads\/2017\/11\/IMG_20171031_211608_786-1024x1024.jpg\" class=\"size-large wp-image-1849\" src=\"https:\/\/www.winozesmakiem.net.pl\/wp-content\/uploads\/2017\/11\/IMG_20171031_211608_786-1024x1024.jpg\" alt=\"\" width=\"525\" height=\"525\" srcset=\"https:\/\/www.winozesmakiem.net.pl\/wp-content\/uploads\/2017\/11\/IMG_20171031_211608_786-1024x1024.jpg 1024w, https:\/\/www.winozesmakiem.net.pl\/wp-content\/uploads\/2017\/11\/IMG_20171031_211608_786-150x150.jpg 150w, https:\/\/www.winozesmakiem.net.pl\/wp-content\/uploads\/2017\/11\/IMG_20171031_211608_786-300x300.jpg 300w, https:\/\/www.winozesmakiem.net.pl\/wp-content\/uploads\/2017\/11\/IMG_20171031_211608_786-768x768.jpg 768w, https:\/\/www.winozesmakiem.net.pl\/wp-content\/uploads\/2017\/11\/IMG_20171031_211608_786-100x100.jpg 100w\" sizes=\"auto, (max-width: 525px) 85vw, 525px\" \/><\/a><figcaption id=\"caption-attachment-1849\" class=\"wp-caption-text\">I nie mniej interesuj\u0105cy sycylijski Syrah z p\u00f3\u017anego zbioru<\/figcaption><\/figure>\n<p>&nbsp;<\/p>\n<p>&nbsp;<\/p>\n<p>&nbsp;<\/p>\n<p>&nbsp;<\/p>\n<p>&nbsp;<\/p>\n<p>&nbsp;<\/p>\n<p>&nbsp;<\/p>\n<p>&nbsp;<\/p>\n<p>&nbsp;<\/p>\n<p>&nbsp;<\/p>\n<p>&nbsp;<\/p>\n<p>&nbsp;<\/p>\n<p><a href=\"https:\/\/www.winozesmakiem.net.pl\/wp-content\/uploads\/2017\/11\/DSC_2380.jpg\"><img loading=\"lazy\" decoding=\"async\" data-attachment-id=\"1850\" data-permalink=\"https:\/\/www.winozesmakiem.net.pl\/?attachment_id=1850\" data-orig-file=\"https:\/\/www.winozesmakiem.net.pl\/wp-content\/uploads\/2017\/11\/DSC_2380.jpg\" data-orig-size=\"3264,2448\" data-comments-opened=\"1\" data-image-meta=\"{&quot;aperture&quot;:&quot;2&quot;,&quot;credit&quot;:&quot;&quot;,&quot;camera&quot;:&quot;F5121&quot;,&quot;caption&quot;:&quot;&quot;,&quot;created_timestamp&quot;:&quot;1509209719&quot;,&quot;copyright&quot;:&quot;&quot;,&quot;focal_length&quot;:&quot;4.23&quot;,&quot;iso&quot;:&quot;1250&quot;,&quot;shutter_speed&quot;:&quot;0.025&quot;,&quot;title&quot;:&quot;&quot;,&quot;orientation&quot;:&quot;1&quot;}\" data-image-title=\"DSC_2380\" data-image-description=\"\" data-image-caption=\"\" data-large-file=\"https:\/\/www.winozesmakiem.net.pl\/wp-content\/uploads\/2017\/11\/DSC_2380-1024x768.jpg\" class=\"alignleft size-large wp-image-1850\" src=\"https:\/\/www.winozesmakiem.net.pl\/wp-content\/uploads\/2017\/11\/DSC_2380-1024x768.jpg\" alt=\"\" width=\"525\" height=\"394\" srcset=\"https:\/\/www.winozesmakiem.net.pl\/wp-content\/uploads\/2017\/11\/DSC_2380-1024x768.jpg 1024w, https:\/\/www.winozesmakiem.net.pl\/wp-content\/uploads\/2017\/11\/DSC_2380-300x225.jpg 300w, https:\/\/www.winozesmakiem.net.pl\/wp-content\/uploads\/2017\/11\/DSC_2380-768x576.jpg 768w\" sizes=\"auto, (max-width: 525px) 85vw, 525px\" \/><\/a><\/p>\n<p>&nbsp;<\/p>\n<p>&nbsp;<\/p>\n<p>&nbsp;<\/p>\n<p>&nbsp;<\/p>\n<p>&nbsp;<\/p>\n<p>&nbsp;<\/p>\n<p>&nbsp;<\/p>\n<p>&nbsp;<\/p>\n<p>&nbsp;<\/p>\n<figure id=\"attachment_1851\" aria-describedby=\"caption-attachment-1851\" style=\"width: 525px\" class=\"wp-caption alignleft\"><a href=\"https:\/\/www.winozesmakiem.net.pl\/wp-content\/uploads\/2017\/11\/DSC_2351.jpg\"><img loading=\"lazy\" decoding=\"async\" data-attachment-id=\"1851\" data-permalink=\"https:\/\/www.winozesmakiem.net.pl\/?attachment_id=1851\" data-orig-file=\"https:\/\/www.winozesmakiem.net.pl\/wp-content\/uploads\/2017\/11\/DSC_2351.jpg\" data-orig-size=\"2725,2044\" data-comments-opened=\"1\" data-image-meta=\"{&quot;aperture&quot;:&quot;2&quot;,&quot;credit&quot;:&quot;&quot;,&quot;camera&quot;:&quot;F5121&quot;,&quot;caption&quot;:&quot;&quot;,&quot;created_timestamp&quot;:&quot;1509201018&quot;,&quot;copyright&quot;:&quot;&quot;,&quot;focal_length&quot;:&quot;4.23&quot;,&quot;iso&quot;:&quot;800&quot;,&quot;shutter_speed&quot;:&quot;0.0625&quot;,&quot;title&quot;:&quot;&quot;,&quot;orientation&quot;:&quot;1&quot;}\" data-image-title=\"DSC_2351\" data-image-description=\"\" data-image-caption=\"&lt;p&gt;Etna od Bennantiego zawsze \u015bwietna&lt;\/p&gt;\n\" data-large-file=\"https:\/\/www.winozesmakiem.net.pl\/wp-content\/uploads\/2017\/11\/DSC_2351-1024x768.jpg\" class=\"wp-image-1851 size-large\" src=\"https:\/\/www.winozesmakiem.net.pl\/wp-content\/uploads\/2017\/11\/DSC_2351-1024x768.jpg\" alt=\"\" width=\"525\" height=\"394\" srcset=\"https:\/\/www.winozesmakiem.net.pl\/wp-content\/uploads\/2017\/11\/DSC_2351-1024x768.jpg 1024w, https:\/\/www.winozesmakiem.net.pl\/wp-content\/uploads\/2017\/11\/DSC_2351-300x225.jpg 300w, https:\/\/www.winozesmakiem.net.pl\/wp-content\/uploads\/2017\/11\/DSC_2351-768x576.jpg 768w\" sizes=\"auto, (max-width: 525px) 85vw, 525px\" \/><\/a><figcaption id=\"caption-attachment-1851\" class=\"wp-caption-text\">Etna od Benantiego zawsze \u015bwietna<\/figcaption><\/figure>\n<p>&nbsp;<\/p>\n<p>&nbsp;<\/p>\n<p>&nbsp;<\/p>\n<p>&nbsp;<\/p>\n<p>&nbsp;<\/p>\n<p>&nbsp;<\/p>\n<p>&nbsp;<\/p>\n<p>&nbsp;<\/p>\n<p>&nbsp;<\/p>\n<p><a href=\"https:\/\/www.winozesmakiem.net.pl\/wp-content\/uploads\/2017\/11\/IMG_20171031_210807_316.jpg\"><img loading=\"lazy\" decoding=\"async\" data-attachment-id=\"1852\" data-permalink=\"https:\/\/www.winozesmakiem.net.pl\/?attachment_id=1852\" data-orig-file=\"https:\/\/www.winozesmakiem.net.pl\/wp-content\/uploads\/2017\/11\/IMG_20171031_210807_316.jpg\" data-orig-size=\"1080,1080\" data-comments-opened=\"1\" data-image-meta=\"{&quot;aperture&quot;:&quot;0&quot;,&quot;credit&quot;:&quot;&quot;,&quot;camera&quot;:&quot;&quot;,&quot;caption&quot;:&quot;&quot;,&quot;created_timestamp&quot;:&quot;0&quot;,&quot;copyright&quot;:&quot;&quot;,&quot;focal_length&quot;:&quot;0&quot;,&quot;iso&quot;:&quot;0&quot;,&quot;shutter_speed&quot;:&quot;0&quot;,&quot;title&quot;:&quot;&quot;,&quot;orientation&quot;:&quot;0&quot;}\" data-image-title=\"IMG_20171031_210807_316\" data-image-description=\"\" data-image-caption=\"\" data-large-file=\"https:\/\/www.winozesmakiem.net.pl\/wp-content\/uploads\/2017\/11\/IMG_20171031_210807_316-1024x1024.jpg\" class=\"alignleft size-large wp-image-1852\" src=\"https:\/\/www.winozesmakiem.net.pl\/wp-content\/uploads\/2017\/11\/IMG_20171031_210807_316-1024x1024.jpg\" alt=\"\" width=\"525\" height=\"525\" srcset=\"https:\/\/www.winozesmakiem.net.pl\/wp-content\/uploads\/2017\/11\/IMG_20171031_210807_316-1024x1024.jpg 1024w, https:\/\/www.winozesmakiem.net.pl\/wp-content\/uploads\/2017\/11\/IMG_20171031_210807_316-150x150.jpg 150w, https:\/\/www.winozesmakiem.net.pl\/wp-content\/uploads\/2017\/11\/IMG_20171031_210807_316-300x300.jpg 300w, https:\/\/www.winozesmakiem.net.pl\/wp-content\/uploads\/2017\/11\/IMG_20171031_210807_316-768x768.jpg 768w, https:\/\/www.winozesmakiem.net.pl\/wp-content\/uploads\/2017\/11\/IMG_20171031_210807_316-100x100.jpg 100w, https:\/\/www.winozesmakiem.net.pl\/wp-content\/uploads\/2017\/11\/IMG_20171031_210807_316.jpg 1080w\" sizes=\"auto, (max-width: 525px) 85vw, 525px\" \/><\/a><\/p>\n<p>&nbsp;<\/p>\n<p>&nbsp;<\/p>\n<p>&nbsp;<\/p>\n<p>&nbsp;<\/p>\n<p>&nbsp;<\/p>\n<p>&nbsp;<\/p>\n<p>&nbsp;<\/p>\n<p>&nbsp;<\/p>\n<p>&nbsp;<\/p>\n<p>&nbsp;<\/p>\n<p>&nbsp;<\/p>\n<p><a href=\"https:\/\/www.winozesmakiem.net.pl\/wp-content\/uploads\/2017\/11\/IMG_20171031_210807_319.jpg\"><img loading=\"lazy\" decoding=\"async\" data-attachment-id=\"1853\" data-permalink=\"https:\/\/www.winozesmakiem.net.pl\/?attachment_id=1853\" data-orig-file=\"https:\/\/www.winozesmakiem.net.pl\/wp-content\/uploads\/2017\/11\/IMG_20171031_210807_319.jpg\" data-orig-size=\"1080,1080\" data-comments-opened=\"1\" data-image-meta=\"{&quot;aperture&quot;:&quot;0&quot;,&quot;credit&quot;:&quot;&quot;,&quot;camera&quot;:&quot;&quot;,&quot;caption&quot;:&quot;&quot;,&quot;created_timestamp&quot;:&quot;0&quot;,&quot;copyright&quot;:&quot;&quot;,&quot;focal_length&quot;:&quot;0&quot;,&quot;iso&quot;:&quot;0&quot;,&quot;shutter_speed&quot;:&quot;0&quot;,&quot;title&quot;:&quot;&quot;,&quot;orientation&quot;:&quot;0&quot;}\" data-image-title=\"IMG_20171031_210807_319\" data-image-description=\"\" data-image-caption=\"\" data-large-file=\"https:\/\/www.winozesmakiem.net.pl\/wp-content\/uploads\/2017\/11\/IMG_20171031_210807_319-1024x1024.jpg\" class=\"alignleft size-large wp-image-1853\" src=\"https:\/\/www.winozesmakiem.net.pl\/wp-content\/uploads\/2017\/11\/IMG_20171031_210807_319-1024x1024.jpg\" alt=\"\" width=\"525\" height=\"525\" srcset=\"https:\/\/www.winozesmakiem.net.pl\/wp-content\/uploads\/2017\/11\/IMG_20171031_210807_319-1024x1024.jpg 1024w, https:\/\/www.winozesmakiem.net.pl\/wp-content\/uploads\/2017\/11\/IMG_20171031_210807_319-150x150.jpg 150w, https:\/\/www.winozesmakiem.net.pl\/wp-content\/uploads\/2017\/11\/IMG_20171031_210807_319-300x300.jpg 300w, https:\/\/www.winozesmakiem.net.pl\/wp-content\/uploads\/2017\/11\/IMG_20171031_210807_319-768x768.jpg 768w, https:\/\/www.winozesmakiem.net.pl\/wp-content\/uploads\/2017\/11\/IMG_20171031_210807_319-100x100.jpg 100w, https:\/\/www.winozesmakiem.net.pl\/wp-content\/uploads\/2017\/11\/IMG_20171031_210807_319.jpg 1080w\" sizes=\"auto, (max-width: 525px) 85vw, 525px\" \/><\/a><\/p>\n<p>&nbsp;<\/p>\n<p>&nbsp;<\/p>\n<p>&nbsp;<\/p>\n<p>&nbsp;<\/p>\n<p>&nbsp;<\/p>\n<p>&nbsp;<\/p>\n<p>&nbsp;<\/p>\n<p>&nbsp;<\/p>\n<p>&nbsp;<\/p>\n<p>&nbsp;<\/p>\n<p>&nbsp;<\/p>\n<p>&nbsp;<\/p>\n<figure id=\"attachment_1854\" aria-describedby=\"caption-attachment-1854\" style=\"width: 525px\" class=\"wp-caption alignleft\"><a href=\"https:\/\/www.winozesmakiem.net.pl\/wp-content\/uploads\/2017\/11\/IMG_20171029_114758_499.jpg\"><img loading=\"lazy\" decoding=\"async\" data-attachment-id=\"1854\" data-permalink=\"https:\/\/www.winozesmakiem.net.pl\/?attachment_id=1854\" data-orig-file=\"https:\/\/www.winozesmakiem.net.pl\/wp-content\/uploads\/2017\/11\/IMG_20171029_114758_499.jpg\" data-orig-size=\"2448,2448\" data-comments-opened=\"1\" data-image-meta=\"{&quot;aperture&quot;:&quot;0&quot;,&quot;credit&quot;:&quot;&quot;,&quot;camera&quot;:&quot;&quot;,&quot;caption&quot;:&quot;&quot;,&quot;created_timestamp&quot;:&quot;0&quot;,&quot;copyright&quot;:&quot;&quot;,&quot;focal_length&quot;:&quot;0&quot;,&quot;iso&quot;:&quot;0&quot;,&quot;shutter_speed&quot;:&quot;0&quot;,&quot;title&quot;:&quot;&quot;,&quot;orientation&quot;:&quot;0&quot;}\" data-image-title=\"IMG_20171029_114758_499\" data-image-description=\"\" data-image-caption=\"&lt;p&gt;Palazzo della Torre &amp;#8211;&lt;br \/&gt;\ndoskona\u0142a pozycja od Allegriniego&lt;\/p&gt;\n\" data-large-file=\"https:\/\/www.winozesmakiem.net.pl\/wp-content\/uploads\/2017\/11\/IMG_20171029_114758_499-1024x1024.jpg\" class=\"wp-image-1854 size-large\" src=\"https:\/\/www.winozesmakiem.net.pl\/wp-content\/uploads\/2017\/11\/IMG_20171029_114758_499-1024x1024.jpg\" alt=\"\" width=\"525\" height=\"525\" srcset=\"https:\/\/www.winozesmakiem.net.pl\/wp-content\/uploads\/2017\/11\/IMG_20171029_114758_499-1024x1024.jpg 1024w, https:\/\/www.winozesmakiem.net.pl\/wp-content\/uploads\/2017\/11\/IMG_20171029_114758_499-150x150.jpg 150w, https:\/\/www.winozesmakiem.net.pl\/wp-content\/uploads\/2017\/11\/IMG_20171029_114758_499-300x300.jpg 300w, https:\/\/www.winozesmakiem.net.pl\/wp-content\/uploads\/2017\/11\/IMG_20171029_114758_499-768x768.jpg 768w, https:\/\/www.winozesmakiem.net.pl\/wp-content\/uploads\/2017\/11\/IMG_20171029_114758_499-100x100.jpg 100w\" sizes=\"auto, (max-width: 525px) 85vw, 525px\" \/><\/a><figcaption id=\"caption-attachment-1854\" class=\"wp-caption-text\">Palazzo della Torre &#8211; doskona\u0142a pozycja od Allegriniego<\/figcaption><\/figure>\n<p>&nbsp;<\/p>\n<p>&nbsp;<\/p>\n<p>&nbsp;<\/p>\n<p>&nbsp;<\/p>\n<p>&nbsp;<\/p>\n<p>&nbsp;<\/p>\n<p>&nbsp;<\/p>\n<p>&nbsp;<\/p>\n<p>&nbsp;<\/p>\n<p>&nbsp;<\/p>\n<p>&nbsp;<\/p>\n<p>&nbsp;<\/p>\n<p><a href=\"https:\/\/www.winozesmakiem.net.pl\/wp-content\/uploads\/2017\/11\/IMG_20171031_210807_324.jpg\"><img loading=\"lazy\" decoding=\"async\" data-attachment-id=\"1855\" data-permalink=\"https:\/\/www.winozesmakiem.net.pl\/?attachment_id=1855\" data-orig-file=\"https:\/\/www.winozesmakiem.net.pl\/wp-content\/uploads\/2017\/11\/IMG_20171031_210807_324.jpg\" data-orig-size=\"1080,1080\" data-comments-opened=\"1\" data-image-meta=\"{&quot;aperture&quot;:&quot;0&quot;,&quot;credit&quot;:&quot;&quot;,&quot;camera&quot;:&quot;&quot;,&quot;caption&quot;:&quot;&quot;,&quot;created_timestamp&quot;:&quot;0&quot;,&quot;copyright&quot;:&quot;&quot;,&quot;focal_length&quot;:&quot;0&quot;,&quot;iso&quot;:&quot;0&quot;,&quot;shutter_speed&quot;:&quot;0&quot;,&quot;title&quot;:&quot;&quot;,&quot;orientation&quot;:&quot;0&quot;}\" data-image-title=\"IMG_20171031_210807_324\" data-image-description=\"\" data-image-caption=\"\" data-large-file=\"https:\/\/www.winozesmakiem.net.pl\/wp-content\/uploads\/2017\/11\/IMG_20171031_210807_324-1024x1024.jpg\" class=\"alignleft size-large wp-image-1855\" src=\"https:\/\/www.winozesmakiem.net.pl\/wp-content\/uploads\/2017\/11\/IMG_20171031_210807_324-1024x1024.jpg\" alt=\"\" width=\"525\" height=\"525\" srcset=\"https:\/\/www.winozesmakiem.net.pl\/wp-content\/uploads\/2017\/11\/IMG_20171031_210807_324-1024x1024.jpg 1024w, https:\/\/www.winozesmakiem.net.pl\/wp-content\/uploads\/2017\/11\/IMG_20171031_210807_324-150x150.jpg 150w, https:\/\/www.winozesmakiem.net.pl\/wp-content\/uploads\/2017\/11\/IMG_20171031_210807_324-300x300.jpg 300w, https:\/\/www.winozesmakiem.net.pl\/wp-content\/uploads\/2017\/11\/IMG_20171031_210807_324-768x768.jpg 768w, https:\/\/www.winozesmakiem.net.pl\/wp-content\/uploads\/2017\/11\/IMG_20171031_210807_324-100x100.jpg 100w, https:\/\/www.winozesmakiem.net.pl\/wp-content\/uploads\/2017\/11\/IMG_20171031_210807_324.jpg 1080w\" sizes=\"auto, (max-width: 525px) 85vw, 525px\" \/><\/a><\/p>\n<p>&nbsp;<\/p>\n<p>&nbsp;<\/p>\n<p>&nbsp;<\/p>\n<p>&nbsp;<\/p>\n<p>&nbsp;<\/p>\n<p>&nbsp;<\/p>\n<p>&nbsp;<\/p>\n<p>&nbsp;<\/p>\n<p>&nbsp;<\/p>\n<p>&nbsp;<\/p>\n<p>&nbsp;<\/p>\n<p>&nbsp;<\/p>\n<p><a href=\"https:\/\/www.winozesmakiem.net.pl\/wp-content\/uploads\/2017\/11\/DSC_2378-1.jpg\"><img loading=\"lazy\" decoding=\"async\" data-attachment-id=\"1856\" data-permalink=\"https:\/\/www.winozesmakiem.net.pl\/?attachment_id=1856\" data-orig-file=\"https:\/\/www.winozesmakiem.net.pl\/wp-content\/uploads\/2017\/11\/DSC_2378-1.jpg\" data-orig-size=\"3264,2448\" data-comments-opened=\"1\" data-image-meta=\"{&quot;aperture&quot;:&quot;2&quot;,&quot;credit&quot;:&quot;&quot;,&quot;camera&quot;:&quot;F5121&quot;,&quot;caption&quot;:&quot;&quot;,&quot;created_timestamp&quot;:&quot;1509209162&quot;,&quot;copyright&quot;:&quot;&quot;,&quot;focal_length&quot;:&quot;4.23&quot;,&quot;iso&quot;:&quot;640&quot;,&quot;shutter_speed&quot;:&quot;0.03125&quot;,&quot;title&quot;:&quot;&quot;,&quot;orientation&quot;:&quot;1&quot;}\" data-image-title=\"DSC_2378 (1)\" data-image-description=\"\" data-image-caption=\"\" data-large-file=\"https:\/\/www.winozesmakiem.net.pl\/wp-content\/uploads\/2017\/11\/DSC_2378-1-1024x768.jpg\" class=\"alignleft size-large wp-image-1856\" src=\"https:\/\/www.winozesmakiem.net.pl\/wp-content\/uploads\/2017\/11\/DSC_2378-1-1024x768.jpg\" alt=\"\" width=\"525\" height=\"394\" srcset=\"https:\/\/www.winozesmakiem.net.pl\/wp-content\/uploads\/2017\/11\/DSC_2378-1-1024x768.jpg 1024w, https:\/\/www.winozesmakiem.net.pl\/wp-content\/uploads\/2017\/11\/DSC_2378-1-300x225.jpg 300w, https:\/\/www.winozesmakiem.net.pl\/wp-content\/uploads\/2017\/11\/DSC_2378-1-768x576.jpg 768w\" sizes=\"auto, (max-width: 525px) 85vw, 525px\" \/><\/a><\/p>\n<p>&nbsp;<\/p>\n<p>&nbsp;<\/p>\n<p>&nbsp;<\/p>\n<p>&nbsp;<\/p>\n<p>&nbsp;<\/p>\n<p>&nbsp;<\/p>\n<p>&nbsp;<\/p>\n<p>&nbsp;<\/p>\n<p>&nbsp;<\/p>\n<p><a href=\"https:\/\/www.winozesmakiem.net.pl\/wp-content\/uploads\/2017\/11\/DSC_2377-1.jpg\"><img loading=\"lazy\" decoding=\"async\" data-attachment-id=\"1858\" data-permalink=\"https:\/\/www.winozesmakiem.net.pl\/?attachment_id=1858\" data-orig-file=\"https:\/\/www.winozesmakiem.net.pl\/wp-content\/uploads\/2017\/11\/DSC_2377-1.jpg\" data-orig-size=\"3264,2448\" data-comments-opened=\"1\" data-image-meta=\"{&quot;aperture&quot;:&quot;2&quot;,&quot;credit&quot;:&quot;&quot;,&quot;camera&quot;:&quot;F5121&quot;,&quot;caption&quot;:&quot;&quot;,&quot;created_timestamp&quot;:&quot;1509209154&quot;,&quot;copyright&quot;:&quot;&quot;,&quot;focal_length&quot;:&quot;4.23&quot;,&quot;iso&quot;:&quot;640&quot;,&quot;shutter_speed&quot;:&quot;0.03125&quot;,&quot;title&quot;:&quot;&quot;,&quot;orientation&quot;:&quot;1&quot;}\" data-image-title=\"DSC_2377\" data-image-description=\"\" data-image-caption=\"\" data-large-file=\"https:\/\/www.winozesmakiem.net.pl\/wp-content\/uploads\/2017\/11\/DSC_2377-1-1024x768.jpg\" class=\"alignleft size-large wp-image-1858\" src=\"https:\/\/www.winozesmakiem.net.pl\/wp-content\/uploads\/2017\/11\/DSC_2377-1-1024x768.jpg\" alt=\"\" width=\"525\" height=\"394\" srcset=\"https:\/\/www.winozesmakiem.net.pl\/wp-content\/uploads\/2017\/11\/DSC_2377-1-1024x768.jpg 1024w, https:\/\/www.winozesmakiem.net.pl\/wp-content\/uploads\/2017\/11\/DSC_2377-1-300x225.jpg 300w, https:\/\/www.winozesmakiem.net.pl\/wp-content\/uploads\/2017\/11\/DSC_2377-1-768x576.jpg 768w\" sizes=\"auto, (max-width: 525px) 85vw, 525px\" \/><\/a><\/p>\n<p>&nbsp;<\/p>\n<p>&nbsp;<\/p>\n<p>&nbsp;<\/p>\n<p>&nbsp;<\/p>\n<p>&nbsp;<\/p>\n<p>&nbsp;<\/p>\n<p>&nbsp;<\/p>\n<p>&nbsp;<\/p>\n<p>&nbsp;<\/p>\n<p><a href=\"https:\/\/www.winozesmakiem.net.pl\/wp-content\/uploads\/2017\/11\/IMG_20171031_210807_323.jpg\"><img loading=\"lazy\" decoding=\"async\" data-attachment-id=\"1859\" data-permalink=\"https:\/\/www.winozesmakiem.net.pl\/?attachment_id=1859\" data-orig-file=\"https:\/\/www.winozesmakiem.net.pl\/wp-content\/uploads\/2017\/11\/IMG_20171031_210807_323.jpg\" data-orig-size=\"1080,1080\" data-comments-opened=\"1\" data-image-meta=\"{&quot;aperture&quot;:&quot;0&quot;,&quot;credit&quot;:&quot;&quot;,&quot;camera&quot;:&quot;&quot;,&quot;caption&quot;:&quot;&quot;,&quot;created_timestamp&quot;:&quot;0&quot;,&quot;copyright&quot;:&quot;&quot;,&quot;focal_length&quot;:&quot;0&quot;,&quot;iso&quot;:&quot;0&quot;,&quot;shutter_speed&quot;:&quot;0&quot;,&quot;title&quot;:&quot;&quot;,&quot;orientation&quot;:&quot;0&quot;}\" data-image-title=\"IMG_20171031_210807_323\" data-image-description=\"\" data-image-caption=\"\" data-large-file=\"https:\/\/www.winozesmakiem.net.pl\/wp-content\/uploads\/2017\/11\/IMG_20171031_210807_323-1024x1024.jpg\" class=\"alignleft size-large wp-image-1859\" src=\"https:\/\/www.winozesmakiem.net.pl\/wp-content\/uploads\/2017\/11\/IMG_20171031_210807_323-1024x1024.jpg\" alt=\"\" width=\"525\" height=\"525\" srcset=\"https:\/\/www.winozesmakiem.net.pl\/wp-content\/uploads\/2017\/11\/IMG_20171031_210807_323-1024x1024.jpg 1024w, https:\/\/www.winozesmakiem.net.pl\/wp-content\/uploads\/2017\/11\/IMG_20171031_210807_323-150x150.jpg 150w, https:\/\/www.winozesmakiem.net.pl\/wp-content\/uploads\/2017\/11\/IMG_20171031_210807_323-300x300.jpg 300w, https:\/\/www.winozesmakiem.net.pl\/wp-content\/uploads\/2017\/11\/IMG_20171031_210807_323-768x768.jpg 768w, https:\/\/www.winozesmakiem.net.pl\/wp-content\/uploads\/2017\/11\/IMG_20171031_210807_323-100x100.jpg 100w, https:\/\/www.winozesmakiem.net.pl\/wp-content\/uploads\/2017\/11\/IMG_20171031_210807_323.jpg 1080w\" sizes=\"auto, (max-width: 525px) 85vw, 525px\" \/><\/a><\/p>\n<p>&nbsp;<\/p>\n<p>&nbsp;<\/p>\n<p>&nbsp;<\/p>\n<p>&nbsp;<\/p>\n<p>&nbsp;<\/p>\n<p>&nbsp;<\/p>\n<p>&nbsp;<\/p>\n<p>&nbsp;<\/p>\n<p>&nbsp;<\/p>\n<p>&nbsp;<\/p>\n<p>&nbsp;<\/p>\n<p>&nbsp;<\/p>\n<p><a href=\"https:\/\/www.winozesmakiem.net.pl\/wp-content\/uploads\/2017\/11\/DSC_2348-1.jpg\"><img loading=\"lazy\" decoding=\"async\" data-attachment-id=\"1860\" data-permalink=\"https:\/\/www.winozesmakiem.net.pl\/?attachment_id=1860\" data-orig-file=\"https:\/\/www.winozesmakiem.net.pl\/wp-content\/uploads\/2017\/11\/DSC_2348-1.jpg\" data-orig-size=\"3264,2448\" data-comments-opened=\"1\" data-image-meta=\"{&quot;aperture&quot;:&quot;2&quot;,&quot;credit&quot;:&quot;&quot;,&quot;camera&quot;:&quot;F5121&quot;,&quot;caption&quot;:&quot;&quot;,&quot;created_timestamp&quot;:&quot;1509199567&quot;,&quot;copyright&quot;:&quot;&quot;,&quot;focal_length&quot;:&quot;4.23&quot;,&quot;iso&quot;:&quot;800&quot;,&quot;shutter_speed&quot;:&quot;0.03125&quot;,&quot;title&quot;:&quot;&quot;,&quot;orientation&quot;:&quot;1&quot;}\" data-image-title=\"DSC_2348 (1)\" data-image-description=\"\" data-image-caption=\"\" data-large-file=\"https:\/\/www.winozesmakiem.net.pl\/wp-content\/uploads\/2017\/11\/DSC_2348-1-1024x768.jpg\" class=\"alignleft size-large wp-image-1860\" src=\"https:\/\/www.winozesmakiem.net.pl\/wp-content\/uploads\/2017\/11\/DSC_2348-1-1024x768.jpg\" alt=\"\" width=\"525\" height=\"394\" srcset=\"https:\/\/www.winozesmakiem.net.pl\/wp-content\/uploads\/2017\/11\/DSC_2348-1-1024x768.jpg 1024w, https:\/\/www.winozesmakiem.net.pl\/wp-content\/uploads\/2017\/11\/DSC_2348-1-300x225.jpg 300w, https:\/\/www.winozesmakiem.net.pl\/wp-content\/uploads\/2017\/11\/DSC_2348-1-768x576.jpg 768w\" sizes=\"auto, (max-width: 525px) 85vw, 525px\" \/><\/a><\/p>\n<p>&nbsp;<\/p>\n<p>&nbsp;<\/p>\n<p>&nbsp;<\/p>\n<p>&nbsp;<\/p>\n<p>&nbsp;<\/p>\n<p>&nbsp;<\/p>\n<p>&nbsp;<\/p>\n<p>&nbsp;<\/p>\n<p>&nbsp;<\/p>\n<figure id=\"attachment_1861\" aria-describedby=\"caption-attachment-1861\" style=\"width: 525px\" class=\"wp-caption alignleft\"><a href=\"https:\/\/www.winozesmakiem.net.pl\/wp-content\/uploads\/2017\/11\/IMG_20171031_205538_382.jpg\"><img loading=\"lazy\" decoding=\"async\" data-attachment-id=\"1861\" data-permalink=\"https:\/\/www.winozesmakiem.net.pl\/?attachment_id=1861\" data-orig-file=\"https:\/\/www.winozesmakiem.net.pl\/wp-content\/uploads\/2017\/11\/IMG_20171031_205538_382.jpg\" data-orig-size=\"3264,2448\" data-comments-opened=\"1\" data-image-meta=\"{&quot;aperture&quot;:&quot;0&quot;,&quot;credit&quot;:&quot;&quot;,&quot;camera&quot;:&quot;&quot;,&quot;caption&quot;:&quot;&quot;,&quot;created_timestamp&quot;:&quot;0&quot;,&quot;copyright&quot;:&quot;&quot;,&quot;focal_length&quot;:&quot;0&quot;,&quot;iso&quot;:&quot;0&quot;,&quot;shutter_speed&quot;:&quot;0&quot;,&quot;title&quot;:&quot;&quot;,&quot;orientation&quot;:&quot;0&quot;}\" data-image-title=\"IMG_20171031_205538_382\" data-image-description=\"\" data-image-caption=\"&lt;p&gt;Montepulciano d&amp;#8217;Abruzo w trzech ods\u0142onach&lt;\/p&gt;\n\" data-large-file=\"https:\/\/www.winozesmakiem.net.pl\/wp-content\/uploads\/2017\/11\/IMG_20171031_205538_382-1024x768.jpg\" class=\"wp-image-1861 size-large\" src=\"https:\/\/www.winozesmakiem.net.pl\/wp-content\/uploads\/2017\/11\/IMG_20171031_205538_382-1024x768.jpg\" alt=\"\" width=\"525\" height=\"394\" srcset=\"https:\/\/www.winozesmakiem.net.pl\/wp-content\/uploads\/2017\/11\/IMG_20171031_205538_382-1024x768.jpg 1024w, https:\/\/www.winozesmakiem.net.pl\/wp-content\/uploads\/2017\/11\/IMG_20171031_205538_382-300x225.jpg 300w, https:\/\/www.winozesmakiem.net.pl\/wp-content\/uploads\/2017\/11\/IMG_20171031_205538_382-768x576.jpg 768w\" sizes=\"auto, (max-width: 525px) 85vw, 525px\" \/><\/a><figcaption id=\"caption-attachment-1861\" class=\"wp-caption-text\">Montepulciano d&#8217;Abruzo w trzech ods\u0142onach<\/figcaption><\/figure>\n<p>&nbsp;<\/p>\n<p>&nbsp;<\/p>\n<p>&nbsp;<\/p>\n<p>&nbsp;<\/p>\n<p>&nbsp;<\/p>\n<p>&nbsp;<\/p>\n<p>&nbsp;<\/p>\n<p>&nbsp;<\/p>\n<p>&nbsp;<\/p>\n<figure id=\"attachment_1862\" aria-describedby=\"caption-attachment-1862\" style=\"width: 525px\" class=\"wp-caption alignleft\"><a href=\"https:\/\/www.winozesmakiem.net.pl\/wp-content\/uploads\/2017\/11\/DSC_2350.jpg\"><img loading=\"lazy\" decoding=\"async\" data-attachment-id=\"1862\" data-permalink=\"https:\/\/www.winozesmakiem.net.pl\/?attachment_id=1862\" data-orig-file=\"https:\/\/www.winozesmakiem.net.pl\/wp-content\/uploads\/2017\/11\/DSC_2350.jpg\" data-orig-size=\"3264,2448\" data-comments-opened=\"1\" data-image-meta=\"{&quot;aperture&quot;:&quot;2&quot;,&quot;credit&quot;:&quot;&quot;,&quot;camera&quot;:&quot;F5121&quot;,&quot;caption&quot;:&quot;&quot;,&quot;created_timestamp&quot;:&quot;1509200808&quot;,&quot;copyright&quot;:&quot;&quot;,&quot;focal_length&quot;:&quot;4.23&quot;,&quot;iso&quot;:&quot;1000&quot;,&quot;shutter_speed&quot;:&quot;0.0625&quot;,&quot;title&quot;:&quot;&quot;,&quot;orientation&quot;:&quot;1&quot;}\" data-image-title=\"DSC_2350\" data-image-description=\"\" data-image-caption=\"&lt;p&gt;Masi i jego dzie\u0142a&lt;\/p&gt;\n\" data-large-file=\"https:\/\/www.winozesmakiem.net.pl\/wp-content\/uploads\/2017\/11\/DSC_2350-1024x768.jpg\" class=\"size-large wp-image-1862\" src=\"https:\/\/www.winozesmakiem.net.pl\/wp-content\/uploads\/2017\/11\/DSC_2350-1024x768.jpg\" alt=\"\" width=\"525\" height=\"394\" srcset=\"https:\/\/www.winozesmakiem.net.pl\/wp-content\/uploads\/2017\/11\/DSC_2350-1024x768.jpg 1024w, https:\/\/www.winozesmakiem.net.pl\/wp-content\/uploads\/2017\/11\/DSC_2350-300x225.jpg 300w, https:\/\/www.winozesmakiem.net.pl\/wp-content\/uploads\/2017\/11\/DSC_2350-768x576.jpg 768w\" sizes=\"auto, (max-width: 525px) 85vw, 525px\" \/><\/a><figcaption id=\"caption-attachment-1862\" class=\"wp-caption-text\">Masi i jego dzie\u0142a<\/figcaption><\/figure>\n<p>&nbsp;<\/p>\n<p>&nbsp;<\/p>\n<p>&nbsp;<\/p>\n<p>&nbsp;<\/p>\n<p>&nbsp;<\/p>\n<p>&nbsp;<\/p>\n<p>&nbsp;<\/p>\n<p>&nbsp;<\/p>\n<p>&nbsp;<\/p>\n<p><a href=\"https:\/\/www.winozesmakiem.net.pl\/wp-content\/uploads\/2017\/11\/IMG_20171029_115210_269.jpg\"><img loading=\"lazy\" decoding=\"async\" data-attachment-id=\"1863\" data-permalink=\"https:\/\/www.winozesmakiem.net.pl\/?attachment_id=1863\" data-orig-file=\"https:\/\/www.winozesmakiem.net.pl\/wp-content\/uploads\/2017\/11\/IMG_20171029_115210_269.jpg\" data-orig-size=\"1080,1080\" data-comments-opened=\"1\" data-image-meta=\"{&quot;aperture&quot;:&quot;0&quot;,&quot;credit&quot;:&quot;&quot;,&quot;camera&quot;:&quot;&quot;,&quot;caption&quot;:&quot;&quot;,&quot;created_timestamp&quot;:&quot;0&quot;,&quot;copyright&quot;:&quot;&quot;,&quot;focal_length&quot;:&quot;0&quot;,&quot;iso&quot;:&quot;0&quot;,&quot;shutter_speed&quot;:&quot;0&quot;,&quot;title&quot;:&quot;&quot;,&quot;orientation&quot;:&quot;0&quot;}\" data-image-title=\"IMG_20171029_115210_269\" data-image-description=\"\" data-image-caption=\"\" data-large-file=\"https:\/\/www.winozesmakiem.net.pl\/wp-content\/uploads\/2017\/11\/IMG_20171029_115210_269-1024x1024.jpg\" class=\"alignleft size-large wp-image-1863\" src=\"https:\/\/www.winozesmakiem.net.pl\/wp-content\/uploads\/2017\/11\/IMG_20171029_115210_269-1024x1024.jpg\" alt=\"\" width=\"525\" height=\"525\" srcset=\"https:\/\/www.winozesmakiem.net.pl\/wp-content\/uploads\/2017\/11\/IMG_20171029_115210_269-1024x1024.jpg 1024w, https:\/\/www.winozesmakiem.net.pl\/wp-content\/uploads\/2017\/11\/IMG_20171029_115210_269-150x150.jpg 150w, https:\/\/www.winozesmakiem.net.pl\/wp-content\/uploads\/2017\/11\/IMG_20171029_115210_269-300x300.jpg 300w, https:\/\/www.winozesmakiem.net.pl\/wp-content\/uploads\/2017\/11\/IMG_20171029_115210_269-768x768.jpg 768w, https:\/\/www.winozesmakiem.net.pl\/wp-content\/uploads\/2017\/11\/IMG_20171029_115210_269-100x100.jpg 100w, https:\/\/www.winozesmakiem.net.pl\/wp-content\/uploads\/2017\/11\/IMG_20171029_115210_269.jpg 1080w\" sizes=\"auto, (max-width: 525px) 85vw, 525px\" \/><\/a><\/p>\n<p>&nbsp;<\/p>\n<p>&nbsp;<\/p>\n<p>&nbsp;<\/p>\n<p>&nbsp;<\/p>\n<p>&nbsp;<\/p>\n<p>&nbsp;<\/p>\n<p>&nbsp;<\/p>\n<p>&nbsp;<\/p>\n<p>&nbsp;<\/p>\n<p>&nbsp;<\/p>\n<p>&nbsp;<\/p>\n<p>&nbsp;<\/p>\n<figure id=\"attachment_1864\" aria-describedby=\"caption-attachment-1864\" style=\"width: 525px\" class=\"wp-caption alignleft\"><a href=\"https:\/\/www.winozesmakiem.net.pl\/wp-content\/uploads\/2017\/11\/IMG_20171029_115210_278.jpg\"><img loading=\"lazy\" decoding=\"async\" data-attachment-id=\"1864\" data-permalink=\"https:\/\/www.winozesmakiem.net.pl\/?attachment_id=1864\" data-orig-file=\"https:\/\/www.winozesmakiem.net.pl\/wp-content\/uploads\/2017\/11\/IMG_20171029_115210_278.jpg\" data-orig-size=\"1080,1080\" data-comments-opened=\"1\" data-image-meta=\"{&quot;aperture&quot;:&quot;0&quot;,&quot;credit&quot;:&quot;&quot;,&quot;camera&quot;:&quot;&quot;,&quot;caption&quot;:&quot;&quot;,&quot;created_timestamp&quot;:&quot;0&quot;,&quot;copyright&quot;:&quot;&quot;,&quot;focal_length&quot;:&quot;0&quot;,&quot;iso&quot;:&quot;0&quot;,&quot;shutter_speed&quot;:&quot;0&quot;,&quot;title&quot;:&quot;&quot;,&quot;orientation&quot;:&quot;0&quot;}\" data-image-title=\"IMG_20171029_115210_278\" data-image-description=\"\" data-image-caption=\"&lt;p&gt;Montes jak zawsze nie zawodzi&lt;\/p&gt;\n\" data-large-file=\"https:\/\/www.winozesmakiem.net.pl\/wp-content\/uploads\/2017\/11\/IMG_20171029_115210_278-1024x1024.jpg\" class=\"size-large wp-image-1864\" src=\"https:\/\/www.winozesmakiem.net.pl\/wp-content\/uploads\/2017\/11\/IMG_20171029_115210_278-1024x1024.jpg\" alt=\"\" width=\"525\" height=\"525\" srcset=\"https:\/\/www.winozesmakiem.net.pl\/wp-content\/uploads\/2017\/11\/IMG_20171029_115210_278-1024x1024.jpg 1024w, https:\/\/www.winozesmakiem.net.pl\/wp-content\/uploads\/2017\/11\/IMG_20171029_115210_278-150x150.jpg 150w, https:\/\/www.winozesmakiem.net.pl\/wp-content\/uploads\/2017\/11\/IMG_20171029_115210_278-300x300.jpg 300w, https:\/\/www.winozesmakiem.net.pl\/wp-content\/uploads\/2017\/11\/IMG_20171029_115210_278-768x768.jpg 768w, https:\/\/www.winozesmakiem.net.pl\/wp-content\/uploads\/2017\/11\/IMG_20171029_115210_278-100x100.jpg 100w, https:\/\/www.winozesmakiem.net.pl\/wp-content\/uploads\/2017\/11\/IMG_20171029_115210_278.jpg 1080w\" sizes=\"auto, (max-width: 525px) 85vw, 525px\" \/><\/a><figcaption id=\"caption-attachment-1864\" class=\"wp-caption-text\">Montes jak zawsze nie zawodzi<\/figcaption><\/figure>\n<p>&nbsp;<\/p>\n<p>&nbsp;<\/p>\n<p>&nbsp;<\/p>\n<p>&nbsp;<\/p>\n<p>&nbsp;<\/p>\n<p>&nbsp;<\/p>\n<p>&nbsp;<\/p>\n<p>&nbsp;<\/p>\n<p>&nbsp;<\/p>\n<p>&nbsp;<\/p>\n<p>&nbsp;<\/p>\n<p>&nbsp;<\/p>\n<p><a href=\"https:\/\/www.winozesmakiem.net.pl\/wp-content\/uploads\/2017\/11\/IMG_20171029_115210_263.jpg\"><img loading=\"lazy\" decoding=\"async\" data-attachment-id=\"1865\" data-permalink=\"https:\/\/www.winozesmakiem.net.pl\/?attachment_id=1865\" data-orig-file=\"https:\/\/www.winozesmakiem.net.pl\/wp-content\/uploads\/2017\/11\/IMG_20171029_115210_263.jpg\" data-orig-size=\"1080,1080\" data-comments-opened=\"1\" data-image-meta=\"{&quot;aperture&quot;:&quot;0&quot;,&quot;credit&quot;:&quot;&quot;,&quot;camera&quot;:&quot;&quot;,&quot;caption&quot;:&quot;&quot;,&quot;created_timestamp&quot;:&quot;0&quot;,&quot;copyright&quot;:&quot;&quot;,&quot;focal_length&quot;:&quot;0&quot;,&quot;iso&quot;:&quot;0&quot;,&quot;shutter_speed&quot;:&quot;0&quot;,&quot;title&quot;:&quot;&quot;,&quot;orientation&quot;:&quot;0&quot;}\" data-image-title=\"IMG_20171029_115210_263\" data-image-description=\"\" data-image-caption=\"\" data-large-file=\"https:\/\/www.winozesmakiem.net.pl\/wp-content\/uploads\/2017\/11\/IMG_20171029_115210_263-1024x1024.jpg\" class=\"alignleft size-large wp-image-1865\" src=\"https:\/\/www.winozesmakiem.net.pl\/wp-content\/uploads\/2017\/11\/IMG_20171029_115210_263-1024x1024.jpg\" alt=\"\" width=\"525\" height=\"525\" srcset=\"https:\/\/www.winozesmakiem.net.pl\/wp-content\/uploads\/2017\/11\/IMG_20171029_115210_263-1024x1024.jpg 1024w, https:\/\/www.winozesmakiem.net.pl\/wp-content\/uploads\/2017\/11\/IMG_20171029_115210_263-150x150.jpg 150w, https:\/\/www.winozesmakiem.net.pl\/wp-content\/uploads\/2017\/11\/IMG_20171029_115210_263-300x300.jpg 300w, https:\/\/www.winozesmakiem.net.pl\/wp-content\/uploads\/2017\/11\/IMG_20171029_115210_263-768x768.jpg 768w, https:\/\/www.winozesmakiem.net.pl\/wp-content\/uploads\/2017\/11\/IMG_20171029_115210_263-100x100.jpg 100w, https:\/\/www.winozesmakiem.net.pl\/wp-content\/uploads\/2017\/11\/IMG_20171029_115210_263.jpg 1080w\" sizes=\"auto, (max-width: 525px) 85vw, 525px\" \/><\/a><\/p>\n<p>&nbsp;<\/p>\n<p>&nbsp;<\/p>\n<p>&nbsp;<\/p>\n<p>&nbsp;<\/p>\n<p>&nbsp;<\/p>\n<p>&nbsp;<\/p>\n<p>&nbsp;<\/p>\n<p>&nbsp;<\/p>\n<p>&nbsp;<\/p>\n<p>&nbsp;<\/p>\n<p>&nbsp;<\/p>\n<p><a href=\"https:\/\/www.winozesmakiem.net.pl\/wp-content\/uploads\/2017\/11\/IMG_20171029_115210_261.jpg\"><img loading=\"lazy\" decoding=\"async\" data-attachment-id=\"1866\" data-permalink=\"https:\/\/www.winozesmakiem.net.pl\/?attachment_id=1866\" data-orig-file=\"https:\/\/www.winozesmakiem.net.pl\/wp-content\/uploads\/2017\/11\/IMG_20171029_115210_261.jpg\" data-orig-size=\"1080,1080\" data-comments-opened=\"1\" data-image-meta=\"{&quot;aperture&quot;:&quot;0&quot;,&quot;credit&quot;:&quot;&quot;,&quot;camera&quot;:&quot;&quot;,&quot;caption&quot;:&quot;&quot;,&quot;created_timestamp&quot;:&quot;0&quot;,&quot;copyright&quot;:&quot;&quot;,&quot;focal_length&quot;:&quot;0&quot;,&quot;iso&quot;:&quot;0&quot;,&quot;shutter_speed&quot;:&quot;0&quot;,&quot;title&quot;:&quot;&quot;,&quot;orientation&quot;:&quot;0&quot;}\" data-image-title=\"IMG_20171029_115210_261\" data-image-description=\"\" data-image-caption=\"\" data-large-file=\"https:\/\/www.winozesmakiem.net.pl\/wp-content\/uploads\/2017\/11\/IMG_20171029_115210_261-1024x1024.jpg\" class=\"alignleft size-large wp-image-1866\" src=\"https:\/\/www.winozesmakiem.net.pl\/wp-content\/uploads\/2017\/11\/IMG_20171029_115210_261-1024x1024.jpg\" alt=\"\" width=\"525\" height=\"525\" srcset=\"https:\/\/www.winozesmakiem.net.pl\/wp-content\/uploads\/2017\/11\/IMG_20171029_115210_261-1024x1024.jpg 1024w, https:\/\/www.winozesmakiem.net.pl\/wp-content\/uploads\/2017\/11\/IMG_20171029_115210_261-150x150.jpg 150w, https:\/\/www.winozesmakiem.net.pl\/wp-content\/uploads\/2017\/11\/IMG_20171029_115210_261-300x300.jpg 300w, https:\/\/www.winozesmakiem.net.pl\/wp-content\/uploads\/2017\/11\/IMG_20171029_115210_261-768x768.jpg 768w, https:\/\/www.winozesmakiem.net.pl\/wp-content\/uploads\/2017\/11\/IMG_20171029_115210_261-100x100.jpg 100w, https:\/\/www.winozesmakiem.net.pl\/wp-content\/uploads\/2017\/11\/IMG_20171029_115210_261.jpg 1080w\" sizes=\"auto, (max-width: 525px) 85vw, 525px\" \/><\/a><\/p>\n<p>&nbsp;<\/p>\n<p>&nbsp;<\/p>\n<p>&nbsp;<\/p>\n<p>&nbsp;<\/p>\n<p>&nbsp;<\/p>\n<p>&nbsp;<\/p>\n<p>&nbsp;<\/p>\n<p>&nbsp;<\/p>\n<p>&nbsp;<\/p>\n<p>&nbsp;<\/p>\n<p>&nbsp;<\/p>\n<p>&nbsp;<\/p>\n<p><a href=\"https:\/\/www.winozesmakiem.net.pl\/wp-content\/uploads\/2017\/11\/IMG_20171029_115210_268.jpg\"><img loading=\"lazy\" decoding=\"async\" data-attachment-id=\"1867\" data-permalink=\"https:\/\/www.winozesmakiem.net.pl\/?attachment_id=1867\" data-orig-file=\"https:\/\/www.winozesmakiem.net.pl\/wp-content\/uploads\/2017\/11\/IMG_20171029_115210_268.jpg\" data-orig-size=\"1080,1080\" data-comments-opened=\"1\" data-image-meta=\"{&quot;aperture&quot;:&quot;0&quot;,&quot;credit&quot;:&quot;&quot;,&quot;camera&quot;:&quot;&quot;,&quot;caption&quot;:&quot;&quot;,&quot;created_timestamp&quot;:&quot;0&quot;,&quot;copyright&quot;:&quot;&quot;,&quot;focal_length&quot;:&quot;0&quot;,&quot;iso&quot;:&quot;0&quot;,&quot;shutter_speed&quot;:&quot;0&quot;,&quot;title&quot;:&quot;&quot;,&quot;orientation&quot;:&quot;0&quot;}\" data-image-title=\"IMG_20171029_115210_268\" data-image-description=\"\" data-image-caption=\"\" data-large-file=\"https:\/\/www.winozesmakiem.net.pl\/wp-content\/uploads\/2017\/11\/IMG_20171029_115210_268-1024x1024.jpg\" class=\"alignleft size-large wp-image-1867\" src=\"https:\/\/www.winozesmakiem.net.pl\/wp-content\/uploads\/2017\/11\/IMG_20171029_115210_268-1024x1024.jpg\" alt=\"\" width=\"525\" height=\"525\" srcset=\"https:\/\/www.winozesmakiem.net.pl\/wp-content\/uploads\/2017\/11\/IMG_20171029_115210_268-1024x1024.jpg 1024w, https:\/\/www.winozesmakiem.net.pl\/wp-content\/uploads\/2017\/11\/IMG_20171029_115210_268-150x150.jpg 150w, https:\/\/www.winozesmakiem.net.pl\/wp-content\/uploads\/2017\/11\/IMG_20171029_115210_268-300x300.jpg 300w, https:\/\/www.winozesmakiem.net.pl\/wp-content\/uploads\/2017\/11\/IMG_20171029_115210_268-768x768.jpg 768w, https:\/\/www.winozesmakiem.net.pl\/wp-content\/uploads\/2017\/11\/IMG_20171029_115210_268-100x100.jpg 100w, https:\/\/www.winozesmakiem.net.pl\/wp-content\/uploads\/2017\/11\/IMG_20171029_115210_268.jpg 1080w\" sizes=\"auto, (max-width: 525px) 85vw, 525px\" \/><\/a><\/p>\n<p>&nbsp;<\/p>\n<p>&nbsp;<\/p>\n<p>&nbsp;<\/p>\n<p>&nbsp;<\/p>\n<p>&nbsp;<\/p>\n<p>&nbsp;<\/p>\n<p>&nbsp;<\/p>\n<p>&nbsp;<\/p>\n<p>&nbsp;<\/p>\n<p>&nbsp;<\/p>\n<p>&nbsp;<\/p>\n<p>&nbsp;<\/p>\n<p><a href=\"https:\/\/www.winozesmakiem.net.pl\/wp-content\/uploads\/2017\/11\/DSC_2370.jpg\"><img loading=\"lazy\" decoding=\"async\" data-attachment-id=\"1868\" data-permalink=\"https:\/\/www.winozesmakiem.net.pl\/?attachment_id=1868\" data-orig-file=\"https:\/\/www.winozesmakiem.net.pl\/wp-content\/uploads\/2017\/11\/DSC_2370.jpg\" data-orig-size=\"3264,2448\" data-comments-opened=\"1\" data-image-meta=\"{&quot;aperture&quot;:&quot;2&quot;,&quot;credit&quot;:&quot;&quot;,&quot;camera&quot;:&quot;F5121&quot;,&quot;caption&quot;:&quot;&quot;,&quot;created_timestamp&quot;:&quot;1509205409&quot;,&quot;copyright&quot;:&quot;&quot;,&quot;focal_length&quot;:&quot;4.23&quot;,&quot;iso&quot;:&quot;800&quot;,&quot;shutter_speed&quot;:&quot;0.0625&quot;,&quot;title&quot;:&quot;&quot;,&quot;orientation&quot;:&quot;1&quot;}\" data-image-title=\"DSC_2370\" data-image-description=\"\" data-image-caption=\"\" data-large-file=\"https:\/\/www.winozesmakiem.net.pl\/wp-content\/uploads\/2017\/11\/DSC_2370-1024x768.jpg\" class=\"alignleft size-large wp-image-1868\" src=\"https:\/\/www.winozesmakiem.net.pl\/wp-content\/uploads\/2017\/11\/DSC_2370-1024x768.jpg\" alt=\"\" width=\"525\" height=\"394\" srcset=\"https:\/\/www.winozesmakiem.net.pl\/wp-content\/uploads\/2017\/11\/DSC_2370-1024x768.jpg 1024w, https:\/\/www.winozesmakiem.net.pl\/wp-content\/uploads\/2017\/11\/DSC_2370-300x225.jpg 300w, https:\/\/www.winozesmakiem.net.pl\/wp-content\/uploads\/2017\/11\/DSC_2370-768x576.jpg 768w\" sizes=\"auto, (max-width: 525px) 85vw, 525px\" \/><\/a><\/p>\n<p>&nbsp;<\/p>\n<p>&nbsp;<\/p>\n<p>&nbsp;<\/p>\n<p>&nbsp;<\/p>\n<p>&nbsp;<\/p>\n<p>&nbsp;<\/p>\n<p>&nbsp;<\/p>\n<p>&nbsp;<\/p>\n<p>&nbsp;<\/p>\n<p><a href=\"https:\/\/www.winozesmakiem.net.pl\/wp-content\/uploads\/2017\/11\/DSC_2383.jpg\"><img loading=\"lazy\" decoding=\"async\" data-attachment-id=\"1869\" data-permalink=\"https:\/\/www.winozesmakiem.net.pl\/?attachment_id=1869\" data-orig-file=\"https:\/\/www.winozesmakiem.net.pl\/wp-content\/uploads\/2017\/11\/DSC_2383.jpg\" data-orig-size=\"1848,1386\" data-comments-opened=\"1\" data-image-meta=\"{&quot;aperture&quot;:&quot;2&quot;,&quot;credit&quot;:&quot;&quot;,&quot;camera&quot;:&quot;F5121&quot;,&quot;caption&quot;:&quot;&quot;,&quot;created_timestamp&quot;:&quot;1509210070&quot;,&quot;copyright&quot;:&quot;&quot;,&quot;focal_length&quot;:&quot;4.23&quot;,&quot;iso&quot;:&quot;800&quot;,&quot;shutter_speed&quot;:&quot;0.03125&quot;,&quot;title&quot;:&quot;&quot;,&quot;orientation&quot;:&quot;1&quot;}\" data-image-title=\"DSC_2383\" data-image-description=\"\" data-image-caption=\"\" data-large-file=\"https:\/\/www.winozesmakiem.net.pl\/wp-content\/uploads\/2017\/11\/DSC_2383-1024x768.jpg\" class=\"alignleft size-large wp-image-1869\" src=\"https:\/\/www.winozesmakiem.net.pl\/wp-content\/uploads\/2017\/11\/DSC_2383-1024x768.jpg\" alt=\"\" width=\"525\" height=\"394\" srcset=\"https:\/\/www.winozesmakiem.net.pl\/wp-content\/uploads\/2017\/11\/DSC_2383-1024x768.jpg 1024w, https:\/\/www.winozesmakiem.net.pl\/wp-content\/uploads\/2017\/11\/DSC_2383-300x225.jpg 300w, https:\/\/www.winozesmakiem.net.pl\/wp-content\/uploads\/2017\/11\/DSC_2383-768x576.jpg 768w, https:\/\/www.winozesmakiem.net.pl\/wp-content\/uploads\/2017\/11\/DSC_2383.jpg 1848w\" sizes=\"auto, (max-width: 525px) 85vw, 525px\" \/><\/a><\/p>\n<p>&nbsp;<\/p>\n<p>&nbsp;<\/p>\n<p>&nbsp;<\/p>\n<p>&nbsp;<\/p>\n<p>&nbsp;<\/p>\n<p>&nbsp;<\/p>\n<p>&nbsp;<\/p>\n<p>&nbsp;<\/p>\n<p>&nbsp;<\/p>\n<p><a href=\"https:\/\/www.winozesmakiem.net.pl\/wp-content\/uploads\/2017\/11\/DSC_2375.jpg\"><img loading=\"lazy\" decoding=\"async\" data-attachment-id=\"1870\" data-permalink=\"https:\/\/www.winozesmakiem.net.pl\/?attachment_id=1870\" data-orig-file=\"https:\/\/www.winozesmakiem.net.pl\/wp-content\/uploads\/2017\/11\/DSC_2375.jpg\" data-orig-size=\"3264,2448\" data-comments-opened=\"1\" data-image-meta=\"{&quot;aperture&quot;:&quot;2&quot;,&quot;credit&quot;:&quot;&quot;,&quot;camera&quot;:&quot;F5121&quot;,&quot;caption&quot;:&quot;&quot;,&quot;created_timestamp&quot;:&quot;1509208319&quot;,&quot;copyright&quot;:&quot;&quot;,&quot;focal_length&quot;:&quot;4.23&quot;,&quot;iso&quot;:&quot;40&quot;,&quot;shutter_speed&quot;:&quot;0.03125&quot;,&quot;title&quot;:&quot;&quot;,&quot;orientation&quot;:&quot;1&quot;}\" data-image-title=\"DSC_2375\" data-image-description=\"\" data-image-caption=\"\" data-large-file=\"https:\/\/www.winozesmakiem.net.pl\/wp-content\/uploads\/2017\/11\/DSC_2375-1024x768.jpg\" class=\"alignleft size-large wp-image-1870\" src=\"https:\/\/www.winozesmakiem.net.pl\/wp-content\/uploads\/2017\/11\/DSC_2375-1024x768.jpg\" alt=\"\" width=\"525\" height=\"394\" srcset=\"https:\/\/www.winozesmakiem.net.pl\/wp-content\/uploads\/2017\/11\/DSC_2375-1024x768.jpg 1024w, https:\/\/www.winozesmakiem.net.pl\/wp-content\/uploads\/2017\/11\/DSC_2375-300x225.jpg 300w, https:\/\/www.winozesmakiem.net.pl\/wp-content\/uploads\/2017\/11\/DSC_2375-768x576.jpg 768w\" sizes=\"auto, (max-width: 525px) 85vw, 525px\" \/><\/a><\/p>\n<p>&nbsp;<\/p>\n<p>&nbsp;<\/p>\n<p>&nbsp;<\/p>\n<p>&nbsp;<\/p>\n<p>&nbsp;<\/p>\n<p>&nbsp;<\/p>\n<p>&nbsp;<\/p>\n<p>&nbsp;<\/p>\n<p>&nbsp;<\/p>\n<p><a href=\"https:\/\/www.winozesmakiem.net.pl\/wp-content\/uploads\/2017\/11\/IMG_20171028_224820_882.jpg\"><img loading=\"lazy\" decoding=\"async\" data-attachment-id=\"1871\" data-permalink=\"https:\/\/www.winozesmakiem.net.pl\/?attachment_id=1871\" data-orig-file=\"https:\/\/www.winozesmakiem.net.pl\/wp-content\/uploads\/2017\/11\/IMG_20171028_224820_882.jpg\" data-orig-size=\"1080,1080\" data-comments-opened=\"1\" data-image-meta=\"{&quot;aperture&quot;:&quot;0&quot;,&quot;credit&quot;:&quot;&quot;,&quot;camera&quot;:&quot;&quot;,&quot;caption&quot;:&quot;&quot;,&quot;created_timestamp&quot;:&quot;0&quot;,&quot;copyright&quot;:&quot;&quot;,&quot;focal_length&quot;:&quot;0&quot;,&quot;iso&quot;:&quot;0&quot;,&quot;shutter_speed&quot;:&quot;0&quot;,&quot;title&quot;:&quot;&quot;,&quot;orientation&quot;:&quot;0&quot;}\" data-image-title=\"IMG_20171028_224820_882\" data-image-description=\"\" data-image-caption=\"\" data-large-file=\"https:\/\/www.winozesmakiem.net.pl\/wp-content\/uploads\/2017\/11\/IMG_20171028_224820_882-1024x1024.jpg\" class=\"alignleft size-large wp-image-1871\" src=\"https:\/\/www.winozesmakiem.net.pl\/wp-content\/uploads\/2017\/11\/IMG_20171028_224820_882-1024x1024.jpg\" alt=\"\" width=\"525\" height=\"525\" srcset=\"https:\/\/www.winozesmakiem.net.pl\/wp-content\/uploads\/2017\/11\/IMG_20171028_224820_882-1024x1024.jpg 1024w, https:\/\/www.winozesmakiem.net.pl\/wp-content\/uploads\/2017\/11\/IMG_20171028_224820_882-150x150.jpg 150w, https:\/\/www.winozesmakiem.net.pl\/wp-content\/uploads\/2017\/11\/IMG_20171028_224820_882-300x300.jpg 300w, https:\/\/www.winozesmakiem.net.pl\/wp-content\/uploads\/2017\/11\/IMG_20171028_224820_882-768x768.jpg 768w, https:\/\/www.winozesmakiem.net.pl\/wp-content\/uploads\/2017\/11\/IMG_20171028_224820_882-100x100.jpg 100w, https:\/\/www.winozesmakiem.net.pl\/wp-content\/uploads\/2017\/11\/IMG_20171028_224820_882.jpg 1080w\" sizes=\"auto, (max-width: 525px) 85vw, 525px\" \/><\/a><\/p>\n<p>&nbsp;<\/p>\n<p>&nbsp;<\/p>\n<p>&nbsp;<\/p>\n<p>&nbsp;<\/p>\n<p>&nbsp;<\/p>\n<p>&nbsp;<\/p>\n<p>&nbsp;<\/p>\n<p>&nbsp;<\/p>\n<p>&nbsp;<\/p>\n<p>&nbsp;<\/p>\n<p>&nbsp;<\/p>\n<p>&nbsp;<\/p>\n<figure id=\"attachment_1872\" aria-describedby=\"caption-attachment-1872\" style=\"width: 525px\" class=\"wp-caption alignleft\"><a href=\"https:\/\/www.winozesmakiem.net.pl\/wp-content\/uploads\/2017\/11\/DSC_2372.jpg\"><img loading=\"lazy\" decoding=\"async\" data-attachment-id=\"1872\" data-permalink=\"https:\/\/www.winozesmakiem.net.pl\/?attachment_id=1872\" data-orig-file=\"https:\/\/www.winozesmakiem.net.pl\/wp-content\/uploads\/2017\/11\/DSC_2372.jpg\" data-orig-size=\"2784,2088\" data-comments-opened=\"1\" data-image-meta=\"{&quot;aperture&quot;:&quot;2&quot;,&quot;credit&quot;:&quot;&quot;,&quot;camera&quot;:&quot;F5121&quot;,&quot;caption&quot;:&quot;&quot;,&quot;created_timestamp&quot;:&quot;1509206784&quot;,&quot;copyright&quot;:&quot;&quot;,&quot;focal_length&quot;:&quot;4.23&quot;,&quot;iso&quot;:&quot;2000&quot;,&quot;shutter_speed&quot;:&quot;0.0625&quot;,&quot;title&quot;:&quot;&quot;,&quot;orientation&quot;:&quot;1&quot;}\" data-image-title=\"DSC_2372\" data-image-description=\"\" data-image-caption=\"&lt;p&gt;Nie zabrak\u0142o tez polskich win&lt;\/p&gt;\n\" data-large-file=\"https:\/\/www.winozesmakiem.net.pl\/wp-content\/uploads\/2017\/11\/DSC_2372-1024x768.jpg\" class=\"wp-image-1872 size-large\" src=\"https:\/\/www.winozesmakiem.net.pl\/wp-content\/uploads\/2017\/11\/DSC_2372-1024x768.jpg\" alt=\"\" width=\"525\" height=\"394\" srcset=\"https:\/\/www.winozesmakiem.net.pl\/wp-content\/uploads\/2017\/11\/DSC_2372-1024x768.jpg 1024w, https:\/\/www.winozesmakiem.net.pl\/wp-content\/uploads\/2017\/11\/DSC_2372-300x225.jpg 300w, https:\/\/www.winozesmakiem.net.pl\/wp-content\/uploads\/2017\/11\/DSC_2372-768x576.jpg 768w\" sizes=\"auto, (max-width: 525px) 85vw, 525px\" \/><\/a><figcaption id=\"caption-attachment-1872\" class=\"wp-caption-text\">Nie zabrak\u0142o te\u017c polskich win<\/figcaption><\/figure>\n<p>&nbsp;<\/p>\n<p>&nbsp;<\/p>\n<p>&nbsp;<\/p>\n<p>&nbsp;<\/p>\n<p>&nbsp;<\/p>\n<p>&nbsp;<\/p>\n<p>&nbsp;<\/p>\n<p>&nbsp;<\/p>\n<p>&nbsp;<\/p>\n<p><a href=\"https:\/\/www.winozesmakiem.net.pl\/wp-content\/uploads\/2017\/11\/DSC_2373.jpg\"><img loading=\"lazy\" decoding=\"async\" data-attachment-id=\"1873\" data-permalink=\"https:\/\/www.winozesmakiem.net.pl\/?attachment_id=1873\" data-orig-file=\"https:\/\/www.winozesmakiem.net.pl\/wp-content\/uploads\/2017\/11\/DSC_2373.jpg\" data-orig-size=\"2752,2064\" data-comments-opened=\"1\" data-image-meta=\"{&quot;aperture&quot;:&quot;2&quot;,&quot;credit&quot;:&quot;&quot;,&quot;camera&quot;:&quot;F5121&quot;,&quot;caption&quot;:&quot;&quot;,&quot;created_timestamp&quot;:&quot;1509207602&quot;,&quot;copyright&quot;:&quot;&quot;,&quot;focal_length&quot;:&quot;4.23&quot;,&quot;iso&quot;:&quot;200&quot;,&quot;shutter_speed&quot;:&quot;0.03125&quot;,&quot;title&quot;:&quot;&quot;,&quot;orientation&quot;:&quot;1&quot;}\" data-image-title=\"DSC_2373\" data-image-description=\"\" data-image-caption=\"\" data-large-file=\"https:\/\/www.winozesmakiem.net.pl\/wp-content\/uploads\/2017\/11\/DSC_2373-1024x768.jpg\" class=\"alignleft size-large wp-image-1873\" src=\"https:\/\/www.winozesmakiem.net.pl\/wp-content\/uploads\/2017\/11\/DSC_2373-1024x768.jpg\" alt=\"\" width=\"525\" height=\"394\" srcset=\"https:\/\/www.winozesmakiem.net.pl\/wp-content\/uploads\/2017\/11\/DSC_2373-1024x768.jpg 1024w, https:\/\/www.winozesmakiem.net.pl\/wp-content\/uploads\/2017\/11\/DSC_2373-300x225.jpg 300w, https:\/\/www.winozesmakiem.net.pl\/wp-content\/uploads\/2017\/11\/DSC_2373-768x576.jpg 768w\" sizes=\"auto, (max-width: 525px) 85vw, 525px\" \/><\/a><\/p>\n<p>&nbsp;<\/p>\n<p>&nbsp;<\/p>\n<p>&nbsp;<\/p>\n<p>&nbsp;<\/p>\n<p>&nbsp;<\/p>\n<p>&nbsp;<\/p>\n<p>&nbsp;<\/p>\n<p>&nbsp;<\/p>\n<p>&nbsp;<\/p>\n<p><a href=\"https:\/\/www.winozesmakiem.net.pl\/wp-content\/uploads\/2016\/12\/logo-1.jpg\"><img loading=\"lazy\" decoding=\"async\" data-attachment-id=\"286\" data-permalink=\"https:\/\/www.winozesmakiem.net.pl\/?attachment_id=286\" data-orig-file=\"https:\/\/www.winozesmakiem.net.pl\/wp-content\/uploads\/2016\/12\/logo-1.jpg\" data-orig-size=\"454,353\" data-comments-opened=\"1\" data-image-meta=\"{&quot;aperture&quot;:&quot;0&quot;,&quot;credit&quot;:&quot;&quot;,&quot;camera&quot;:&quot;&quot;,&quot;caption&quot;:&quot;&quot;,&quot;created_timestamp&quot;:&quot;0&quot;,&quot;copyright&quot;:&quot;&quot;,&quot;focal_length&quot;:&quot;0&quot;,&quot;iso&quot;:&quot;0&quot;,&quot;shutter_speed&quot;:&quot;0&quot;,&quot;title&quot;:&quot;&quot;,&quot;orientation&quot;:&quot;0&quot;}\" data-image-title=\"logo\" data-image-description=\"\" data-image-caption=\"\" data-large-file=\"https:\/\/www.winozesmakiem.net.pl\/wp-content\/uploads\/2016\/12\/logo-1.jpg\" class=\"size-medium wp-image-286 aligncenter\" src=\"https:\/\/www.winozesmakiem.net.pl\/wp-content\/uploads\/2016\/12\/logo-1-300x233.jpg\" alt=\"\" width=\"300\" height=\"233\" srcset=\"https:\/\/www.winozesmakiem.net.pl\/wp-content\/uploads\/2016\/12\/logo-1-300x233.jpg 300w, https:\/\/www.winozesmakiem.net.pl\/wp-content\/uploads\/2016\/12\/logo-1.jpg 454w\" sizes=\"auto, (max-width: 300px) 85vw, 300px\" \/><\/a><\/p>\n<p>&nbsp;<\/p>\n","protected":false},"excerpt":{"rendered":"<p>W ostatni weekend pa\u017adziernika na terenie Toru Wy\u015bcig\u00f3w Konnych na S\u0142u\u017cewcu w Warszawie odby\u0142o si\u0119 ju\u017c XII Grand Prix Magazynu Wino, kt\u00f3ry w tym roku \u015bwi\u0119towa\u0142 swoje pi\u0119tnaste urodziny. Trzy dni z mn\u00f3stwem win do spr\u00f3bowania, a ponadto wiele innych dodatkowych atrakcji \u2013 nie mog\u0142o mnie zabrakn\u0105\u0107 i w tym roku na tej wielkiej winiarskiej &hellip; <a href=\"https:\/\/www.winozesmakiem.net.pl\/?p=1827\" class=\"more-link\">Czytaj dalej<span class=\"screen-reader-text\"> \u201eGrand Prix Magazynu Wino 2017\u201d<\/span><\/a><\/p>\n","protected":false},"author":1,"featured_media":1828,"comment_status":"open","ping_status":"open","sticky":false,"template":"","format":"standard","meta":{"jetpack_post_was_ever_published":false,"_jetpack_newsletter_access":"","_jetpack_dont_email_post_to_subs":false,"_jetpack_newsletter_tier_id":0,"_jetpack_memberships_contains_paywalled_content":false,"_jetpack_memberships_contains_paid_content":false,"footnotes":"","jetpack_publicize_message":"","jetpack_publicize_feature_enabled":true,"jetpack_social_post_already_shared":true,"jetpack_social_options":{"image_generator_settings":{"template":"highway","default_image_id":0,"font":"","enabled":false},"version":2}},"categories":[4,1],"tags":[21,311,23,14],"class_list":["post-1827","post","type-post","status-publish","format-standard","has-post-thumbnail","hentry","category-blog","category-w-pogoni-za-winem-czyli-podroze-male-i-duze","tag-degustacja","tag-grand-prix-magazynu-wino-2017","tag-wina","tag-wino"],"jetpack_publicize_connections":[],"jetpack_featured_media_url":"https:\/\/www.winozesmakiem.net.pl\/wp-content\/uploads\/2017\/11\/DSC_2430.jpg","jetpack_sharing_enabled":true,"jetpack_shortlink":"https:\/\/wp.me\/p8BUJb-tt","jetpack-related-posts":[],"jetpack_likes_enabled":true,"_links":{"self":[{"href":"https:\/\/www.winozesmakiem.net.pl\/index.php?rest_route=\/wp\/v2\/posts\/1827","targetHints":{"allow":["GET"]}}],"collection":[{"href":"https:\/\/www.winozesmakiem.net.pl\/index.php?rest_route=\/wp\/v2\/posts"}],"about":[{"href":"https:\/\/www.winozesmakiem.net.pl\/index.php?rest_route=\/wp\/v2\/types\/post"}],"author":[{"embeddable":true,"href":"https:\/\/www.winozesmakiem.net.pl\/index.php?rest_route=\/wp\/v2\/users\/1"}],"replies":[{"embeddable":true,"href":"https:\/\/www.winozesmakiem.net.pl\/index.php?rest_route=%2Fwp%2Fv2%2Fcomments&post=1827"}],"version-history":[{"count":2,"href":"https:\/\/www.winozesmakiem.net.pl\/index.php?rest_route=\/wp\/v2\/posts\/1827\/revisions"}],"predecessor-version":[{"id":1875,"href":"https:\/\/www.winozesmakiem.net.pl\/index.php?rest_route=\/wp\/v2\/posts\/1827\/revisions\/1875"}],"wp:featuredmedia":[{"embeddable":true,"href":"https:\/\/www.winozesmakiem.net.pl\/index.php?rest_route=\/wp\/v2\/media\/1828"}],"wp:attachment":[{"href":"https:\/\/www.winozesmakiem.net.pl\/index.php?rest_route=%2Fwp%2Fv2%2Fmedia&parent=1827"}],"wp:term":[{"taxonomy":"category","embeddable":true,"href":"https:\/\/www.winozesmakiem.net.pl\/index.php?rest_route=%2Fwp%2Fv2%2Fcategories&post=1827"},{"taxonomy":"post_tag","embeddable":true,"href":"https:\/\/www.winozesmakiem.net.pl\/index.php?rest_route=%2Fwp%2Fv2%2Ftags&post=1827"}],"curies":[{"name":"wp","href":"https:\/\/api.w.org\/{rel}","templated":true}]}}