{"id":21259,"date":"2024-10-03T10:02:34","date_gmt":"2024-10-03T09:02:34","guid":{"rendered":"http:\/\/www.winozesmakiem.net.pl\/?p=21259"},"modified":"2024-10-03T10:02:34","modified_gmt":"2024-10-03T09:02:34","slug":"prosecco-od-frassinelli","status":"publish","type":"post","link":"https:\/\/www.winozesmakiem.net.pl\/?p=21259","title":{"rendered":"Prosecco od Frassinelli"},"content":{"rendered":"\n<p class=\"wp-block-paragraph\">Dobrego <strong>prosecco <\/strong>chyba nigdy do\u015b\u0107, a to od <strong>Azienda Agricola Frassinelli <\/strong>z pewno\u015bci\u0105 mo\u017cna do takich zaliczy\u0107. Bardzo si\u0119 ciesz\u0119, \u017ce trafi\u0142y do mnie dwie etykiety od tego producenta z Mareno di Piave, kt\u00f3ry swoje wina tworzy w apelacjach Conegliano Valdobbiadene Prosecco DOCG, Prosecco DOC oraz Venezia DOC. <\/p>\n\n\n\n<!--more-->\n\n\n\n<p class=\"wp-block-paragraph\">Frassinelli to winiarnia za\u0142o\u017cona przez Aldo Frassinelli w 1966 roku, kt\u00f3r\u0105 obecnie prowadz\u0105 jego dzieci &#8211; Roberta i Gianluca.  Roberta odpowiada za sprzeda\u017c, marketing i eksport, a Gianluca robi wino. W sumie nale\u017cy do nich 13 ha winnic, kt\u00f3rych wiek waha si\u0119 mi\u0119dzy 10-25 lat. Rodzinna firma pe\u0142na pasji i szacunku dla wyj\u0105tkowego terytorium, w kt\u00f3rym tworzy swoje wina &#8211; Frassinelli zas\u0142uguje na uwag\u0119, a najlepszym dowodem na to s\u0105 ich prosecco.<\/p>\n\n\n\n<figure class=\"wp-block-image\"><img loading=\"lazy\" decoding=\"async\" width=\"1024\" height=\"768\" data-attachment-id=\"21260\" data-permalink=\"https:\/\/www.winozesmakiem.net.pl\/?attachment_id=21260\" data-orig-file=\"https:\/\/www.winozesmakiem.net.pl\/wp-content\/uploads\/2023\/05\/20230525_161123.jpg\" data-orig-size=\"3780,2836\" data-comments-opened=\"1\" data-image-meta=\"{&quot;aperture&quot;:&quot;1.8&quot;,&quot;credit&quot;:&quot;&quot;,&quot;camera&quot;:&quot;SM-G780F&quot;,&quot;caption&quot;:&quot;&quot;,&quot;created_timestamp&quot;:&quot;1685031083&quot;,&quot;copyright&quot;:&quot;&quot;,&quot;focal_length&quot;:&quot;5.4&quot;,&quot;iso&quot;:&quot;100&quot;,&quot;shutter_speed&quot;:&quot;0.01&quot;,&quot;title&quot;:&quot;&quot;,&quot;orientation&quot;:&quot;1&quot;}\" data-image-title=\"20230525_161123\" data-image-description=\"\" data-image-caption=\"\" data-large-file=\"https:\/\/www.winozesmakiem.net.pl\/wp-content\/uploads\/2023\/05\/20230525_161123-1024x768.jpg\" src=\"https:\/\/www.winozesmakiem.net.pl\/wp-content\/uploads\/2023\/05\/20230525_161123-1024x768.jpg\" alt=\"\" class=\"wp-image-21260\" srcset=\"https:\/\/www.winozesmakiem.net.pl\/wp-content\/uploads\/2023\/05\/20230525_161123-1024x768.jpg 1024w, https:\/\/www.winozesmakiem.net.pl\/wp-content\/uploads\/2023\/05\/20230525_161123-300x225.jpg 300w, https:\/\/www.winozesmakiem.net.pl\/wp-content\/uploads\/2023\/05\/20230525_161123-768x576.jpg 768w\" sizes=\"auto, (max-width: 709px) 85vw, (max-width: 909px) 67vw, (max-width: 1362px) 62vw, 840px\" \/><\/figure>\n\n\n\n<p class=\"wp-block-paragraph\"><strong>Frassinelli Bao Moro Prosecco Treviso Brut Nature<\/strong> powsta\u0142o z odmiany glera z winnic w Mareno di Piave- Baorche w prowincji Treviso. Po drugiej fermentacji metod\u0105 Charmata, wino trzymane jest na osadzie dro\u017cd\u017cowym przez 10 dni. Poziom cukru to 1g\/l. \u017bywe, \u015bwie\u017ce prosecco o nutach kwiat\u00f3w, dzikiego bzu, jab\u0142ka, brzoskwini, cytrus\u00f3w, melona. Wytrawne, dobrze kwasowe, przyjemne na podniebieniu, od\u015bwie\u017caj\u0105ce, znakomite na co dzie\u0144. <\/p>\n\n\n\n<p class=\"wp-block-paragraph\">Pasuje na <strong>aperitif, do ostryg, owoc\u00f3w morza, \u015bwie\u017cego sera, dojrzewaj\u0105cej szynki, rozmaitych przystawek, makaronu z owocami morza.<\/strong><\/p>\n\n\n\n<figure class=\"wp-block-image\"><img loading=\"lazy\" decoding=\"async\" width=\"1024\" height=\"768\" data-attachment-id=\"21261\" data-permalink=\"https:\/\/www.winozesmakiem.net.pl\/?attachment_id=21261\" data-orig-file=\"https:\/\/www.winozesmakiem.net.pl\/wp-content\/uploads\/2023\/05\/20230525_161128.jpg\" data-orig-size=\"4032,3024\" data-comments-opened=\"1\" data-image-meta=\"{&quot;aperture&quot;:&quot;1.8&quot;,&quot;credit&quot;:&quot;&quot;,&quot;camera&quot;:&quot;SM-G780F&quot;,&quot;caption&quot;:&quot;&quot;,&quot;created_timestamp&quot;:&quot;1685031088&quot;,&quot;copyright&quot;:&quot;&quot;,&quot;focal_length&quot;:&quot;5.4&quot;,&quot;iso&quot;:&quot;100&quot;,&quot;shutter_speed&quot;:&quot;0.01&quot;,&quot;title&quot;:&quot;&quot;,&quot;orientation&quot;:&quot;1&quot;}\" data-image-title=\"20230525_161128\" data-image-description=\"\" data-image-caption=\"\" data-large-file=\"https:\/\/www.winozesmakiem.net.pl\/wp-content\/uploads\/2023\/05\/20230525_161128-1024x768.jpg\" src=\"https:\/\/www.winozesmakiem.net.pl\/wp-content\/uploads\/2023\/05\/20230525_161128-1024x768.jpg\" alt=\"\" class=\"wp-image-21261\" srcset=\"https:\/\/www.winozesmakiem.net.pl\/wp-content\/uploads\/2023\/05\/20230525_161128-1024x768.jpg 1024w, https:\/\/www.winozesmakiem.net.pl\/wp-content\/uploads\/2023\/05\/20230525_161128-300x225.jpg 300w, https:\/\/www.winozesmakiem.net.pl\/wp-content\/uploads\/2023\/05\/20230525_161128-768x576.jpg 768w\" sizes=\"auto, (max-width: 709px) 85vw, (max-width: 909px) 67vw, (max-width: 1362px) 62vw, 840px\" \/><\/figure>\n\n\n\n<p class=\"wp-block-paragraph\"><strong>Frassinelli Conegliano Valdobbiadene Prosecco Superiore Rive di Manzana  Extra Dry<\/strong> <strong>Millesimato 2022<\/strong> to prosecco pochodz\u0105ce z obszaru Conegliano Valdobbiadene, a konkretne z San Pietro di Feletto z siedliska Rive di Manzana. 100% odmiany glera, druga fermentacja w stalowych zbiornikach trwaj\u0105ca 30-40 dni, 18g cukru.  W kieliszku dojrza\u0142e jab\u0142ko, gruszka,  ananas, kwiaty akacji, \u015br\u00f3dziemnomorska ro\u015blinno\u015b\u0107, mi\u00f3d, \u015bwie\u017cy chleb, powiew cytrusowej \u015bwie\u017co\u015bci, mu\u015bni\u0119cie s\u0142odyczy. Wino jest naprawd\u0119 bardzo dobre, eleganckie, kusz\u0105ce. <\/p>\n\n\n\n<p class=\"wp-block-paragraph\">Pasuje na <strong>aperitif, do r\u00f3\u017cnych przek\u0105sek, owoc\u00f3w morza, kuchni azjatyckiej, \u015bwie\u017cych owoc\u00f3w, ale te\u017c biszkoptu, mus\u00f3w, ciast, bezy. <\/strong><\/p>\n\n\n\n<figure class=\"wp-block-image\"><img loading=\"lazy\" decoding=\"async\" width=\"1024\" height=\"768\" data-attachment-id=\"21262\" data-permalink=\"https:\/\/www.winozesmakiem.net.pl\/?attachment_id=21262\" data-orig-file=\"https:\/\/www.winozesmakiem.net.pl\/wp-content\/uploads\/2023\/05\/20230525_161135.jpg\" data-orig-size=\"4032,3024\" data-comments-opened=\"1\" data-image-meta=\"{&quot;aperture&quot;:&quot;1.8&quot;,&quot;credit&quot;:&quot;&quot;,&quot;camera&quot;:&quot;SM-G780F&quot;,&quot;caption&quot;:&quot;&quot;,&quot;created_timestamp&quot;:&quot;1685031095&quot;,&quot;copyright&quot;:&quot;&quot;,&quot;focal_length&quot;:&quot;5.4&quot;,&quot;iso&quot;:&quot;100&quot;,&quot;shutter_speed&quot;:&quot;0.01&quot;,&quot;title&quot;:&quot;&quot;,&quot;orientation&quot;:&quot;1&quot;}\" data-image-title=\"20230525_161135\" data-image-description=\"\" data-image-caption=\"\" data-large-file=\"https:\/\/www.winozesmakiem.net.pl\/wp-content\/uploads\/2023\/05\/20230525_161135-1024x768.jpg\" src=\"https:\/\/www.winozesmakiem.net.pl\/wp-content\/uploads\/2023\/05\/20230525_161135-1024x768.jpg\" alt=\"\" class=\"wp-image-21262\" srcset=\"https:\/\/www.winozesmakiem.net.pl\/wp-content\/uploads\/2023\/05\/20230525_161135-1024x768.jpg 1024w, https:\/\/www.winozesmakiem.net.pl\/wp-content\/uploads\/2023\/05\/20230525_161135-300x225.jpg 300w, https:\/\/www.winozesmakiem.net.pl\/wp-content\/uploads\/2023\/05\/20230525_161135-768x576.jpg 768w\" sizes=\"auto, (max-width: 709px) 85vw, (max-width: 909px) 67vw, (max-width: 1362px) 62vw, 840px\" \/><\/figure>\n\n\n\n<p class=\"wp-block-paragraph\">Wina otrzyma\u0142em od producenta<\/p>\n\n\n\n<div class=\"wp-block-image\"><figure class=\"aligncenter\"><img loading=\"lazy\" decoding=\"async\" width=\"300\" height=\"233\" data-attachment-id=\"286\" data-permalink=\"https:\/\/www.winozesmakiem.net.pl\/?attachment_id=286\" data-orig-file=\"https:\/\/www.winozesmakiem.net.pl\/wp-content\/uploads\/2016\/12\/logo-1.jpg\" data-orig-size=\"454,353\" data-comments-opened=\"1\" data-image-meta=\"{&quot;aperture&quot;:&quot;0&quot;,&quot;credit&quot;:&quot;&quot;,&quot;camera&quot;:&quot;&quot;,&quot;caption&quot;:&quot;&quot;,&quot;created_timestamp&quot;:&quot;0&quot;,&quot;copyright&quot;:&quot;&quot;,&quot;focal_length&quot;:&quot;0&quot;,&quot;iso&quot;:&quot;0&quot;,&quot;shutter_speed&quot;:&quot;0&quot;,&quot;title&quot;:&quot;&quot;,&quot;orientation&quot;:&quot;0&quot;}\" data-image-title=\"logo\" data-image-description=\"\" data-image-caption=\"\" data-large-file=\"https:\/\/www.winozesmakiem.net.pl\/wp-content\/uploads\/2016\/12\/logo-1.jpg\" src=\"https:\/\/www.winozesmakiem.net.pl\/wp-content\/uploads\/2016\/12\/logo-1-300x233.jpg\" alt=\"\" class=\"wp-image-286\" srcset=\"https:\/\/www.winozesmakiem.net.pl\/wp-content\/uploads\/2016\/12\/logo-1-300x233.jpg 300w, https:\/\/www.winozesmakiem.net.pl\/wp-content\/uploads\/2016\/12\/logo-1.jpg 454w\" sizes=\"auto, (max-width: 300px) 85vw, 300px\" \/><\/figure><\/div>\n","protected":false},"excerpt":{"rendered":"<p>Dobrego prosecco chyba nigdy do\u015b\u0107, a to od Azienda Agricola Frassinelli z pewno\u015bci\u0105 mo\u017cna do takich zaliczy\u0107. Bardzo si\u0119 ciesz\u0119, \u017ce trafi\u0142y do mnie dwie etykiety od tego producenta z Mareno di Piave, kt\u00f3ry swoje wina tworzy w apelacjach Conegliano Valdobbiadene Prosecco DOCG, Prosecco DOC oraz Venezia DOC.<\/p>\n","protected":false},"author":1,"featured_media":21260,"comment_status":"open","ping_status":"open","sticky":false,"template":"","format":"standard","meta":{"_jetpack_newsletter_access":"","_jetpack_dont_email_post_to_subs":false,"_jetpack_newsletter_tier_id":0,"_jetpack_memberships_contains_paywalled_content":false,"_jetpack_feature_clip_id":0,"_jetpack_memberships_contains_paid_content":false,"footnotes":"","jetpack_publicize_message":"","jetpack_publicize_feature_enabled":true,"jetpack_social_post_already_shared":true,"jetpack_social_options":{"image_generator_settings":{"template":"highway","default_image_id":0,"font":"","enabled":false},"version":2},"jetpack_post_was_ever_published":false},"categories":[4],"tags":[678,29,13,109,23,14,77,53,202],"class_list":["post-21259","post","type-post","status-publish","format-standard","has-post-thumbnail","hentry","category-blog","tag-glera","tag-prosecco","tag-szczepy","tag-veneto","tag-wina","tag-wino","tag-wino-musujace","tag-wino-wloskie","tag-wlochy"],"jetpack_publicize_connections":[],"jetpack_sharing_enabled":true,"jetpack_shortlink":"https:\/\/wp.me\/p8BUJb-5wT","jetpack-related-posts":[],"jetpack_likes_enabled":true,"jetpack_featured_media_url":"https:\/\/www.winozesmakiem.net.pl\/wp-content\/uploads\/2023\/05\/20230525_161123.jpg","_links":{"self":[{"href":"https:\/\/www.winozesmakiem.net.pl\/index.php?rest_route=\/wp\/v2\/posts\/21259","targetHints":{"allow":["GET"]}}],"collection":[{"href":"https:\/\/www.winozesmakiem.net.pl\/index.php?rest_route=\/wp\/v2\/posts"}],"about":[{"href":"https:\/\/www.winozesmakiem.net.pl\/index.php?rest_route=\/wp\/v2\/types\/post"}],"author":[{"embeddable":true,"href":"https:\/\/www.winozesmakiem.net.pl\/index.php?rest_route=\/wp\/v2\/users\/1"}],"replies":[{"embeddable":true,"href":"https:\/\/www.winozesmakiem.net.pl\/index.php?rest_route=%2Fwp%2Fv2%2Fcomments&post=21259"}],"version-history":[{"count":6,"href":"https:\/\/www.winozesmakiem.net.pl\/index.php?rest_route=\/wp\/v2\/posts\/21259\/revisions"}],"predecessor-version":[{"id":21281,"href":"https:\/\/www.winozesmakiem.net.pl\/index.php?rest_route=\/wp\/v2\/posts\/21259\/revisions\/21281"}],"wp:featuredmedia":[{"embeddable":true,"href":"https:\/\/www.winozesmakiem.net.pl\/index.php?rest_route=\/wp\/v2\/media\/21260"}],"wp:attachment":[{"href":"https:\/\/www.winozesmakiem.net.pl\/index.php?rest_route=%2Fwp%2Fv2%2Fmedia&parent=21259"}],"wp:term":[{"taxonomy":"category","embeddable":true,"href":"https:\/\/www.winozesmakiem.net.pl\/index.php?rest_route=%2Fwp%2Fv2%2Fcategories&post=21259"},{"taxonomy":"post_tag","embeddable":true,"href":"https:\/\/www.winozesmakiem.net.pl\/index.php?rest_route=%2Fwp%2Fv2%2Ftags&post=21259"}],"curies":[{"name":"wp","href":"https:\/\/api.w.org\/{rel}","templated":true}]}}