{"id":3482,"date":"2019-03-23T12:57:14","date_gmt":"2019-03-23T11:57:14","guid":{"rendered":"http:\/\/www.winozesmakiem.net.pl\/?p=3482"},"modified":"2019-03-23T12:57:14","modified_gmt":"2019-03-23T11:57:14","slug":"grillowana-osmiornica-z-harissa-miodem-i-pistacjami","status":"publish","type":"post","link":"https:\/\/www.winozesmakiem.net.pl\/?p=3482","title":{"rendered":"Grillowana o\u015bmiornica z hariss\u0105, miodem i pistacjami"},"content":{"rendered":"<p>O\u015bmiornic\u0119 kocham mi\u0142o\u015bci\u0105 absolutn\u0105, a jej smak przywodzi mi na my\u015bl wakacje gdzie\u015b na \u015br\u00f3dziemnomorskim wybrze\u017cu. Gdy widz\u0119 j\u0105 w menu, nie waham si\u0119 d\u0142ugo nad tym, aby j\u0105 zam\u00f3wi\u0107.\u00a0 O\u015bmiornica to jeden z moich najwi\u0119kszych przysmak\u00f3w, faworyt w\u015br\u00f3d owoc\u00f3w morza.\u00a0<!--more--><\/p>\n<p>Podczas pobytu w Portugalii jaki\u015b czas temu, jad\u0142em o\u015bmiornic\u0119\u00a0 niemal codziennie i to w r\u00f3\u017cnej postaci. Portugalczycy dobrze wiedz\u0105, jak si\u0119 z ni\u0105 obchodzi\u0107, a je\u017celi dodamy do tego jeszcze kieliszek miejscowego Alvarinho ( Albarino ), to prawdziwa uczta gotowa.<\/p>\n<p>Poza mo\u017cliwo\u015bci\u0105 objadania si\u0119 o\u015bmiornic\u0105 podczas podr\u00f3\u017cy, od czasu do czasu si\u0119gam r\u00f3wnie\u017c po t\u0105 dost\u0119pn\u0105 u nas, cho\u0107 to ju\u017c nie to samo, co jej \u015bwie\u017ce mi\u0119so przygotowane nied\u0142ugo po z\u0142owieniu. Jednak mimo to, o\u015bmiornica jest po prostu pyszna.<\/p>\n<p>Wbrew pozorom jej przygotowanie nie jest trudne, a je\u017celi dysponujemy ju\u017c mro\u017con\u0105 sztuk\u0105, to jest ona zapewne oczyszczona i gotowa do przyrz\u0105dzenia. O\u015bmiornic\u0119 wystarczy ugotowa\u0107 do mi\u0119kko\u015bci, a potem mo\u017cna dodatkowo opiec j\u0105 na grillu czy kr\u00f3tko przesma\u017cy\u0107. Pyszne, delikatne mi\u0119so rozp\u0142ywa si\u0119\u00a0 ustach.<\/p>\n<p>Tym razem poda\u0142em j\u0105 z prostymi dodatkami, ale efekt przeszed\u0142 wszelkie oczekiwania. Przepis jest \u015bwietny i tak\u0105 o\u015bmiornic\u0119 m\u00f3g\u0142bym je\u015b\u0107 zdecydowanie cz\u0119\u015bciej. Dressing z miodu i harissy po prostu wymiata, a pistacje dope\u0142niaj\u0105 dzie\u0142a.\u00a0 O\u015bmiornic\u0119 wed\u0142ug poni\u017cszego przepisu\u00a0 mo\u017cesz poda\u0107 na przystawk\u0119 lub jako danie g\u0142\u00f3wne.<\/p>\n<p><strong>Sk\u0142adniki ( 4 porcje ):<\/strong><\/p>\n<ul>\n<li><strong>1 du\u017ca o\u015bmiornica lub 2 mniejsze, oczyszczona, wykorzystujemy tylko macki<\/strong><\/li>\n<li><strong>3 \u0142y\u017ceczki harissy<\/strong><\/li>\n<li><strong>5 \u0142y\u017cek miodu<\/strong><\/li>\n<li><strong>oliwa, do skropienia<\/strong><\/li>\n<li><strong>75g posiekanych pistacji<\/strong><\/li>\n<li><strong>s\u00f3l morska<\/strong><\/li>\n<\/ul>\n<p><strong>Przygotowanie<\/strong>: Zagotuj du\u017cy garnek posolonej wody i wrzu\u0107 do niego o\u015bmiornic\u0119. Zmniejsz ogie\u0144 i gotuj o\u015bmiornic\u0119 na \u015brednim ogniu, a\u017c jej mi\u0119so zmi\u0119knie &#8211; zajmie to w zale\u017cno\u015bci od wielko\u015bci o\u015bmiornicy 40 minut lub d\u0142u\u017cej. Podczas gotowania sprawdzaj, czy mi\u0119so jest odpowiednio mi\u0119kkie. Wyjmij o\u015bmiornic\u0119 z garnka i od\u0142\u00f3\u017c.<\/p>\n<p>Gdy o\u015bmiornica si\u0119 gotuje, w ma\u0142ym rondelku wymieszaj hariss\u0119 z miodem i podgrzewaj na wolnym ogniu. gdy zawarto\u015b\u0107 rondelka zacznie bulgota\u0107, zdejmij go z palnika i odstaw na bok.<\/p>\n<p>Na patelni rozgrzej nieco oliwy ( mo\u017ce to by\u0107 patelnia grillowa lub zwyk\u0142a ). Osusz o\u015bmiornic\u0119 r\u0119cznikiem papierowym i wrzu\u0107 na rozgrzan\u0105 patelni\u0119. Obsma\u017caj przez 1-2 minuty, a\u017c na mi\u0119sie pojawi\u0105 si\u0119 czarne pr\u0105\u017cki. Prze\u0142\u00f3\u017c na desk\u0119 i pokr\u00f3j na mniejsze kawa\u0142ki.<\/p>\n<p>Kawa\u0142ki o\u015bmiornicy wy\u0142\u00f3\u017c na talerze, skrop mi\u0119so dressingiem z harissy i miodu, polej odrobin\u0105 oliwy i posyp posiekanymi pistacjami.<\/p>\n<p>Do tej o\u015bmiornicy wypi\u0142em sycylijskie <strong>Grecanico Terre di Giumara od Caruso Minini<\/strong>. Wino nieskomplikowane, podstawowa etykieta od tego dobrego producenta, ale z daniem zagra\u0142o bardzo dobrze. Inne propozycje to <strong>Albarino, Grillo, lokalne bia\u0142e wina z basenu Morza \u015ar\u00f3dziemnego, Rose<\/strong>.<\/p>\n<p><a href=\"https:\/\/www.winozesmakiem.net.pl\/wp-content\/uploads\/2019\/03\/20190317_202948.jpg\"><img loading=\"lazy\" decoding=\"async\" data-attachment-id=\"3483\" data-permalink=\"https:\/\/www.winozesmakiem.net.pl\/?attachment_id=3483\" data-orig-file=\"https:\/\/www.winozesmakiem.net.pl\/wp-content\/uploads\/2019\/03\/20190317_202948.jpg\" data-orig-size=\"4000,3008\" data-comments-opened=\"1\" data-image-meta=\"{&quot;aperture&quot;:&quot;0&quot;,&quot;credit&quot;:&quot;&quot;,&quot;camera&quot;:&quot;&quot;,&quot;caption&quot;:&quot;&quot;,&quot;created_timestamp&quot;:&quot;0&quot;,&quot;copyright&quot;:&quot;&quot;,&quot;focal_length&quot;:&quot;0&quot;,&quot;iso&quot;:&quot;0&quot;,&quot;shutter_speed&quot;:&quot;0&quot;,&quot;title&quot;:&quot;&quot;,&quot;orientation&quot;:&quot;1&quot;}\" data-image-title=\"_20190317_202948\" data-image-description=\"\" data-image-caption=\"\" data-large-file=\"https:\/\/www.winozesmakiem.net.pl\/wp-content\/uploads\/2019\/03\/20190317_202948-1024x770.jpg\" class=\"aligncenter size-large wp-image-3483\" src=\"https:\/\/www.winozesmakiem.net.pl\/wp-content\/uploads\/2019\/03\/20190317_202948-1024x770.jpg\" alt=\"\" width=\"525\" height=\"395\" srcset=\"https:\/\/www.winozesmakiem.net.pl\/wp-content\/uploads\/2019\/03\/20190317_202948-1024x770.jpg 1024w, https:\/\/www.winozesmakiem.net.pl\/wp-content\/uploads\/2019\/03\/20190317_202948-300x226.jpg 300w, https:\/\/www.winozesmakiem.net.pl\/wp-content\/uploads\/2019\/03\/20190317_202948-768x578.jpg 768w\" sizes=\"auto, (max-width: 525px) 85vw, 525px\" \/><\/a><\/p>\n<p><a href=\"https:\/\/www.winozesmakiem.net.pl\/wp-content\/uploads\/2019\/03\/20190317_202920.jpg\"><img loading=\"lazy\" decoding=\"async\" data-attachment-id=\"3486\" data-permalink=\"https:\/\/www.winozesmakiem.net.pl\/?attachment_id=3486\" data-orig-file=\"https:\/\/www.winozesmakiem.net.pl\/wp-content\/uploads\/2019\/03\/20190317_202920.jpg\" data-orig-size=\"4000,3008\" data-comments-opened=\"1\" data-image-meta=\"{&quot;aperture&quot;:&quot;0&quot;,&quot;credit&quot;:&quot;&quot;,&quot;camera&quot;:&quot;&quot;,&quot;caption&quot;:&quot;&quot;,&quot;created_timestamp&quot;:&quot;0&quot;,&quot;copyright&quot;:&quot;&quot;,&quot;focal_length&quot;:&quot;0&quot;,&quot;iso&quot;:&quot;0&quot;,&quot;shutter_speed&quot;:&quot;0&quot;,&quot;title&quot;:&quot;&quot;,&quot;orientation&quot;:&quot;1&quot;}\" data-image-title=\"_20190317_202920\" data-image-description=\"\" data-image-caption=\"\" data-large-file=\"https:\/\/www.winozesmakiem.net.pl\/wp-content\/uploads\/2019\/03\/20190317_202920-1024x770.jpg\" class=\"aligncenter size-large wp-image-3486\" src=\"https:\/\/www.winozesmakiem.net.pl\/wp-content\/uploads\/2019\/03\/20190317_202920-1024x770.jpg\" alt=\"\" width=\"525\" height=\"395\" srcset=\"https:\/\/www.winozesmakiem.net.pl\/wp-content\/uploads\/2019\/03\/20190317_202920-1024x770.jpg 1024w, https:\/\/www.winozesmakiem.net.pl\/wp-content\/uploads\/2019\/03\/20190317_202920-300x226.jpg 300w, https:\/\/www.winozesmakiem.net.pl\/wp-content\/uploads\/2019\/03\/20190317_202920-768x578.jpg 768w\" sizes=\"auto, (max-width: 525px) 85vw, 525px\" \/><\/a><\/p>\n<p><a href=\"https:\/\/www.winozesmakiem.net.pl\/wp-content\/uploads\/2019\/03\/20190317_202909.jpg\"><img loading=\"lazy\" decoding=\"async\" data-attachment-id=\"3487\" data-permalink=\"https:\/\/www.winozesmakiem.net.pl\/?attachment_id=3487\" data-orig-file=\"https:\/\/www.winozesmakiem.net.pl\/wp-content\/uploads\/2019\/03\/20190317_202909.jpg\" data-orig-size=\"4000,3008\" data-comments-opened=\"1\" data-image-meta=\"{&quot;aperture&quot;:&quot;0&quot;,&quot;credit&quot;:&quot;&quot;,&quot;camera&quot;:&quot;&quot;,&quot;caption&quot;:&quot;&quot;,&quot;created_timestamp&quot;:&quot;0&quot;,&quot;copyright&quot;:&quot;&quot;,&quot;focal_length&quot;:&quot;0&quot;,&quot;iso&quot;:&quot;0&quot;,&quot;shutter_speed&quot;:&quot;0&quot;,&quot;title&quot;:&quot;&quot;,&quot;orientation&quot;:&quot;1&quot;}\" data-image-title=\"_20190317_202909\" data-image-description=\"\" data-image-caption=\"\" data-large-file=\"https:\/\/www.winozesmakiem.net.pl\/wp-content\/uploads\/2019\/03\/20190317_202909-1024x770.jpg\" class=\"aligncenter size-large wp-image-3487\" src=\"https:\/\/www.winozesmakiem.net.pl\/wp-content\/uploads\/2019\/03\/20190317_202909-1024x770.jpg\" alt=\"\" width=\"525\" height=\"395\" srcset=\"https:\/\/www.winozesmakiem.net.pl\/wp-content\/uploads\/2019\/03\/20190317_202909-1024x770.jpg 1024w, https:\/\/www.winozesmakiem.net.pl\/wp-content\/uploads\/2019\/03\/20190317_202909-300x226.jpg 300w, https:\/\/www.winozesmakiem.net.pl\/wp-content\/uploads\/2019\/03\/20190317_202909-768x578.jpg 768w\" sizes=\"auto, (max-width: 525px) 85vw, 525px\" \/><\/a><\/p>\n<p><a href=\"https:\/\/www.winozesmakiem.net.pl\/wp-content\/uploads\/2016\/12\/logo-1.jpg\"><img loading=\"lazy\" decoding=\"async\" data-attachment-id=\"286\" data-permalink=\"https:\/\/www.winozesmakiem.net.pl\/?attachment_id=286\" data-orig-file=\"https:\/\/www.winozesmakiem.net.pl\/wp-content\/uploads\/2016\/12\/logo-1.jpg\" data-orig-size=\"454,353\" data-comments-opened=\"1\" data-image-meta=\"{&quot;aperture&quot;:&quot;0&quot;,&quot;credit&quot;:&quot;&quot;,&quot;camera&quot;:&quot;&quot;,&quot;caption&quot;:&quot;&quot;,&quot;created_timestamp&quot;:&quot;0&quot;,&quot;copyright&quot;:&quot;&quot;,&quot;focal_length&quot;:&quot;0&quot;,&quot;iso&quot;:&quot;0&quot;,&quot;shutter_speed&quot;:&quot;0&quot;,&quot;title&quot;:&quot;&quot;,&quot;orientation&quot;:&quot;0&quot;}\" data-image-title=\"logo\" data-image-description=\"\" data-image-caption=\"\" data-large-file=\"https:\/\/www.winozesmakiem.net.pl\/wp-content\/uploads\/2016\/12\/logo-1.jpg\" class=\"aligncenter size-medium wp-image-286\" src=\"https:\/\/www.winozesmakiem.net.pl\/wp-content\/uploads\/2016\/12\/logo-1-300x233.jpg\" alt=\"\" width=\"300\" height=\"233\" srcset=\"https:\/\/www.winozesmakiem.net.pl\/wp-content\/uploads\/2016\/12\/logo-1-300x233.jpg 300w, https:\/\/www.winozesmakiem.net.pl\/wp-content\/uploads\/2016\/12\/logo-1.jpg 454w\" sizes=\"auto, (max-width: 300px) 85vw, 300px\" \/><\/a><\/p>\n","protected":false},"excerpt":{"rendered":"<p>O\u015bmiornic\u0119 kocham mi\u0142o\u015bci\u0105 absolutn\u0105, a jej smak przywodzi mi na my\u015bl wakacje gdzie\u015b na \u015br\u00f3dziemnomorskim wybrze\u017cu. Gdy widz\u0119 j\u0105 w menu, nie waham si\u0119 d\u0142ugo nad tym, aby j\u0105 zam\u00f3wi\u0107.\u00a0 O\u015bmiornica to jeden z moich najwi\u0119kszych przysmak\u00f3w, faworyt w\u015br\u00f3d owoc\u00f3w morza.\u00a0<\/p>\n","protected":false},"author":1,"featured_media":3483,"comment_status":"open","ping_status":"open","sticky":false,"template":"","format":"standard","meta":{"_jetpack_newsletter_access":"","_jetpack_dont_email_post_to_subs":false,"_jetpack_newsletter_tier_id":0,"_jetpack_memberships_contains_paywalled_content":false,"_jetpack_feature_clip_id":0,"_jetpack_memberships_contains_paid_content":false,"footnotes":"","jetpack_publicize_message":"","jetpack_publicize_feature_enabled":true,"jetpack_social_post_already_shared":true,"jetpack_social_options":{"image_generator_settings":{"template":"highway","default_image_id":0,"font":"","enabled":false},"version":2},"jetpack_post_was_ever_published":false},"categories":[4,396],"tags":[321,304,299,428,23,14,63,33],"class_list":["post-3482","post","type-post","status-publish","format-standard","has-post-thumbnail","hentry","category-blog","category-przepisy","tag-orzechy","tag-osmiornica","tag-owoce-morza","tag-pistacje","tag-wina","tag-wino","tag-wino-i-kuchnia","tag-wino-i-potrawy"],"jetpack_publicize_connections":[],"jetpack_sharing_enabled":true,"jetpack_shortlink":"https:\/\/wp.me\/p8BUJb-Ua","jetpack-related-posts":[],"jetpack_likes_enabled":true,"jetpack_featured_media_url":"https:\/\/www.winozesmakiem.net.pl\/wp-content\/uploads\/2019\/03\/20190317_202948.jpg","_links":{"self":[{"href":"https:\/\/www.winozesmakiem.net.pl\/index.php?rest_route=\/wp\/v2\/posts\/3482","targetHints":{"allow":["GET"]}}],"collection":[{"href":"https:\/\/www.winozesmakiem.net.pl\/index.php?rest_route=\/wp\/v2\/posts"}],"about":[{"href":"https:\/\/www.winozesmakiem.net.pl\/index.php?rest_route=\/wp\/v2\/types\/post"}],"author":[{"embeddable":true,"href":"https:\/\/www.winozesmakiem.net.pl\/index.php?rest_route=\/wp\/v2\/users\/1"}],"replies":[{"embeddable":true,"href":"https:\/\/www.winozesmakiem.net.pl\/index.php?rest_route=%2Fwp%2Fv2%2Fcomments&post=3482"}],"version-history":[{"count":3,"href":"https:\/\/www.winozesmakiem.net.pl\/index.php?rest_route=\/wp\/v2\/posts\/3482\/revisions"}],"predecessor-version":[{"id":3488,"href":"https:\/\/www.winozesmakiem.net.pl\/index.php?rest_route=\/wp\/v2\/posts\/3482\/revisions\/3488"}],"wp:featuredmedia":[{"embeddable":true,"href":"https:\/\/www.winozesmakiem.net.pl\/index.php?rest_route=\/wp\/v2\/media\/3483"}],"wp:attachment":[{"href":"https:\/\/www.winozesmakiem.net.pl\/index.php?rest_route=%2Fwp%2Fv2%2Fmedia&parent=3482"}],"wp:term":[{"taxonomy":"category","embeddable":true,"href":"https:\/\/www.winozesmakiem.net.pl\/index.php?rest_route=%2Fwp%2Fv2%2Fcategories&post=3482"},{"taxonomy":"post_tag","embeddable":true,"href":"https:\/\/www.winozesmakiem.net.pl\/index.php?rest_route=%2Fwp%2Fv2%2Ftags&post=3482"}],"curies":[{"name":"wp","href":"https:\/\/api.w.org\/{rel}","templated":true}]}}