{"id":7822,"date":"2020-07-08T13:40:48","date_gmt":"2020-07-08T12:40:48","guid":{"rendered":"http:\/\/www.winozesmakiem.net.pl\/?p=7822"},"modified":"2020-07-08T13:41:30","modified_gmt":"2020-07-08T12:41:30","slug":"henriqueshenriques-madeira-boal-10yo","status":"publish","type":"post","link":"https:\/\/www.winozesmakiem.net.pl\/?p=7822","title":{"rendered":"Henriques&#038;Henriques Madeira Boal 10YO"},"content":{"rendered":"\n<p>Czy s\u0105 tu jacy\u015b fani Madery? Pytam zar\u00f3wno o sam\u0105 wysp\u0119, jak i tamtejsze wina, bo jak dla mnie jedno i drugie to co\u015b wspania\u0142ego.  Wyspa nieziemsko pi\u0119kna, jedyny w swoim rodzaju g\u00f3rzysto-klifowy krajobraz z niesamowit\u0105 lini\u0105 brzegow\u0105, cudowna endemiczna ro\u015blinno\u015b\u0107, \u015bwietny klimat, przepyszne ryby i owoce morza, widoki, kt\u00f3rych si\u0119 nie zapomina. Madera to te\u017c wino, kt\u00f3re potrafi skra\u015b\u0107 nie tylko podniebienie, ale i serce.<\/p>\n\n\n\n<!--more-->\n\n\n\n<p>Kilka lat temu mia\u0142em okazj\u0119 sp\u0119dzi\u0107 na Maderze dwa tygodnie i by\u0142 to naprawd\u0119 wspania\u0142y czas. Tego miejsca po prostu nie da si\u0119 nie kocha\u0107 &#8211; nie wyobra\u017cam sobie, aby kto\u015b wr\u00f3ci\u0142 stamt\u0105d z innymi odczuciami. Pisa\u0142em kr\u00f3tko o samej wyspie <strong><a href=\"https:\/\/www.winozesmakiem.net.pl\/?p=1420\">tutaj<\/a><\/strong> &#8211; w tym wpisie znajdziesz te\u017c podstawowe informacje o historii wina madera, sposobie jego wytwarzania, poszczeg\u00f3lnych stylach i o tym, na co warto zwr\u00f3ci\u0107 uwag\u0119 szukaj\u0105c dobrej madery. Nie b\u0119d\u0119 wi\u0119c powtarza\u0142 si\u0119 w tym miejscu i zainteresowanych odsy\u0142am do wspomnianego wpisu.<\/p>\n\n\n\n<div class=\"wp-block-image\"><figure class=\"aligncenter is-resized\"><img loading=\"lazy\" decoding=\"async\" src=\"https:\/\/i2.wp.com\/www.winozesmakiem.net.pl\/wp-content\/uploads\/2017\/07\/Obraz-314.jpg?resize=525%2C394\" alt=\"\" width=\"651\" height=\"489\"\/><\/figure><\/div>\n\n\n\n<figure class=\"wp-block-image is-resized\"><img loading=\"lazy\" decoding=\"async\" src=\"https:\/\/i1.wp.com\/www.winozesmakiem.net.pl\/wp-content\/uploads\/2017\/07\/Obraz-205.jpg?resize=525%2C394\" alt=\"\" width=\"650\" height=\"488\"\/><\/figure>\n\n\n\n<figure class=\"wp-block-image is-resized\"><img loading=\"lazy\" decoding=\"async\" src=\"https:\/\/i2.wp.com\/www.winozesmakiem.net.pl\/wp-content\/uploads\/2017\/07\/Obraz-215.jpg?resize=525%2C394\" alt=\"\" width=\"648\" height=\"486\"\/><\/figure>\n\n\n\n<figure class=\"wp-block-image is-resized\"><img loading=\"lazy\" decoding=\"async\" src=\"https:\/\/i1.wp.com\/www.winozesmakiem.net.pl\/wp-content\/uploads\/2017\/07\/Obraz-085.jpg?resize=525%2C394\" alt=\"\" width=\"645\" height=\"484\"\/><\/figure>\n\n\n\n<p>Wyspa oczarowa\u0142a mnie od pierwszego wejrzenia, podobnie jak tutejsze wzmacniane wino, kt\u00f3re po raz pierwszy pr\u00f3bowa\u0142em podczas tej podr\u00f3\u017cy. Mi\u0142o\u015b\u0107 do madery trwa nadal i cho\u0107 dobra madera to kosztowna przyjemno\u015b\u0107, warta jest swojej ceny. To wino jedyne w swoim rodzaju powstaj\u0105ce unikatow\u0105 metod\u0105 i jest w zasadzie nie\u015bmiertelne. Madera kojarzy nam si\u0119 z winem s\u0142odkim, jednak to tylko jedna strona medalu. Wytrawne wina r\u00f3wnie\u017c istniej\u0105 i gor\u0105co zach\u0119cam do ich poznania ( patrz link na pocz\u0105tku wpisu ). <\/p>\n\n\n\n<figure class=\"wp-block-image\"><img decoding=\"async\" src=\"https:\/\/www.madeira-web.com\/images\/madeira-web\/2-about\/21-facts\/2163-wine-b2.jpg\" alt=\"\"\/><figcaption>\u017ar\u00f3d\u0142o: madeira-web.com<br><br><\/figcaption><\/figure>\n\n\n\n<p>Madera to z pewnosci\u0105 jedno z moich ulubionych win wzmacnianych, a ta s\u0142odka ( wersja bual\/boal i malmsey ) plasuje si\u0119 w czo\u0142\u00f3wce mojego prywatnego rankingu win deserowych. Sama w sobie stanowi doskona\u0142y deser na zako\u0144czenie posi\u0142ku, ale \u015bwietnie komponuje si\u0119 tak\u017ce np. z orzechami, czekolad\u0105, intensywnym serem.<\/p>\n\n\n\n<p>Niedawno postanowi\u0142em sprawi\u0107 sobie odrobin\u0119 przyjemno\u015bci ( cho\u0107 nie tylko sobie, bo wok\u00f3\u0142 mnie znajdzie si\u0119 kilku mi\u0142o\u015bnik\u00f3w tego trunku\ud83d\ude09  ) i otworzy\u0142em \u015bwietn\u0105 <strong>dziesi\u0119cioletni\u0105 Mader\u0105 Boal od Henriques&amp;Henriques.<\/strong><\/p>\n\n\n\n<div class=\"wp-block-image\"><figure class=\"aligncenter\"><img loading=\"lazy\" decoding=\"async\" width=\"770\" height=\"1024\" data-attachment-id=\"7835\" data-permalink=\"https:\/\/www.winozesmakiem.net.pl\/?attachment_id=7835\" data-orig-file=\"https:\/\/www.winozesmakiem.net.pl\/wp-content\/uploads\/2020\/06\/DSC_0001.jpg\" data-orig-size=\"3008,4000\" data-comments-opened=\"1\" data-image-meta=\"{&quot;aperture&quot;:&quot;2&quot;,&quot;credit&quot;:&quot;&quot;,&quot;camera&quot;:&quot;H3113&quot;,&quot;caption&quot;:&quot;&quot;,&quot;created_timestamp&quot;:&quot;1590481778&quot;,&quot;copyright&quot;:&quot;&quot;,&quot;focal_length&quot;:&quot;4.22&quot;,&quot;iso&quot;:&quot;50&quot;,&quot;shutter_speed&quot;:&quot;0.0061349693251534&quot;,&quot;title&quot;:&quot;&quot;,&quot;orientation&quot;:&quot;1&quot;}\" data-image-title=\"DSC_0001\" data-image-description=\"\" data-image-caption=\"\" data-large-file=\"https:\/\/www.winozesmakiem.net.pl\/wp-content\/uploads\/2020\/06\/DSC_0001-770x1024.jpg\" src=\"https:\/\/www.winozesmakiem.net.pl\/wp-content\/uploads\/2020\/06\/DSC_0001-770x1024.jpg\" alt=\"\" class=\"wp-image-7835\" srcset=\"https:\/\/www.winozesmakiem.net.pl\/wp-content\/uploads\/2020\/06\/DSC_0001-770x1024.jpg 770w, https:\/\/www.winozesmakiem.net.pl\/wp-content\/uploads\/2020\/06\/DSC_0001-226x300.jpg 226w, https:\/\/www.winozesmakiem.net.pl\/wp-content\/uploads\/2020\/06\/DSC_0001-768x1021.jpg 768w\" sizes=\"auto, (max-width: 709px) 85vw, (max-width: 909px) 67vw, (max-width: 984px) 61vw, (max-width: 1362px) 45vw, 600px\" \/><\/figure><\/div>\n\n\n\n<p>Pi\u0119kne wino. W zasadzie mo\u017cna by na tym zako\u0144czy\u0107 ca\u0142y wyw\u00f3d \ud83d\ude0a Ale powiemy co\u015b wi\u0119cej. Boal ( lub bual ) to w uproszczeniu m\u00f3wi\u0105c wersja p\u00f3\u0142s\u0142odka ( najs\u0142odszy wariant to malmsey\/malvasia ). S\u0142odycz jest tu cudownie wywa\u017cona, subtelna, wino jest ni\u0105 mu\u015bni\u0119te w idealnej proporcji. Ten bursztynowy nektar z miedzianym odcieniem skrywa w sobie aromaty karmelizowanego br\u0105zowego cukru, toffi, suszonych owoc\u00f3w, drewna, wanilii, kandyzowanej moreli. S\u0105 te\u017c rodzynki w alkoholu, mi\u00f3d, orzechy. Usta pe\u0142ne, g\u0119ste, dobrze kwasowe w zestawieniu z wyrafinowan\u0105 s\u0142odycz\u0105, z nut\u0105 dojrza\u0142ej mirabelki, akcentu toffi i bli\u017cej nieokre\u015blonych przypraw. Prawdziwa poezja w kieliszku.<\/p>\n\n\n\n<p>Deser sam w sobie. Jednak dobrze wypadnie w zestawieniu <strong>z dojrza\u0142ym serem,  pra\u017conymi orzechami, ciemn\u0105 czekolad\u0105, tart\u0105 z karmelizowanymi owocami ( morele, brzoskwinie, ananas ), deserami z dodatkiem bakalii. <\/strong><\/p>\n\n\n\n<p>Dopiero teraz zorientowa\u0142em si\u0119, \u017ce nie wspomnia\u0142em nic o producencie \ud83e\udd23 Henriques&amp;Henriques od lat tworzy uznane madery, a historia tego wytw\u00f3rcy si\u0119ga 1850 roku, kiedy to powsta\u0142a ta rodzinna firma za\u0142o\u017cona przez Jo\u00e3o Gon\u00e7alves Henriques. Obecna firma swoje pocz\u0105tki ma w 1912 roku,  a kszta\u0142t nadali jej potomkowie Jo\u00e3o ( w 1969 roku po \u015bmierci ostatniego w\u0142a\u015bciciela, odziedziczona ona zosta\u0142a przez jego trzech przyjaci\u00f3\u0142 ).  Od 1925 roku Henriques&amp;Henriques zacz\u0105\u0142 eksportowa\u0107 swoje wina, kt\u00f3rymi mo\u017cemy cieszy\u0107 si\u0119 r\u00f3wnie\u017c w naszym kraju.<\/p>\n\n\n\n<div class=\"wp-block-image\"><figure class=\"aligncenter\"><img loading=\"lazy\" decoding=\"async\" width=\"770\" height=\"1024\" data-attachment-id=\"7840\" data-permalink=\"https:\/\/www.winozesmakiem.net.pl\/?attachment_id=7840\" data-orig-file=\"https:\/\/www.winozesmakiem.net.pl\/wp-content\/uploads\/2020\/06\/DSC_0002.jpg\" data-orig-size=\"3008,4000\" data-comments-opened=\"1\" data-image-meta=\"{&quot;aperture&quot;:&quot;2&quot;,&quot;credit&quot;:&quot;&quot;,&quot;camera&quot;:&quot;H3113&quot;,&quot;caption&quot;:&quot;&quot;,&quot;created_timestamp&quot;:&quot;1590481815&quot;,&quot;copyright&quot;:&quot;&quot;,&quot;focal_length&quot;:&quot;4.22&quot;,&quot;iso&quot;:&quot;50&quot;,&quot;shutter_speed&quot;:&quot;0.0053191489361702&quot;,&quot;title&quot;:&quot;&quot;,&quot;orientation&quot;:&quot;1&quot;}\" data-image-title=\"DSC_0002\" data-image-description=\"\" data-image-caption=\"\" data-large-file=\"https:\/\/www.winozesmakiem.net.pl\/wp-content\/uploads\/2020\/06\/DSC_0002-770x1024.jpg\" src=\"https:\/\/www.winozesmakiem.net.pl\/wp-content\/uploads\/2020\/06\/DSC_0002-770x1024.jpg\" alt=\"\" class=\"wp-image-7840\" srcset=\"https:\/\/www.winozesmakiem.net.pl\/wp-content\/uploads\/2020\/06\/DSC_0002-770x1024.jpg 770w, https:\/\/www.winozesmakiem.net.pl\/wp-content\/uploads\/2020\/06\/DSC_0002-226x300.jpg 226w, https:\/\/www.winozesmakiem.net.pl\/wp-content\/uploads\/2020\/06\/DSC_0002-768x1021.jpg 768w\" sizes=\"auto, (max-width: 709px) 85vw, (max-width: 909px) 67vw, (max-width: 984px) 61vw, (max-width: 1362px) 45vw, 600px\" \/><\/figure><\/div>\n\n\n\n<div class=\"wp-block-image\"><figure class=\"aligncenter\"><img loading=\"lazy\" decoding=\"async\" width=\"1024\" height=\"770\" data-attachment-id=\"7841\" data-permalink=\"https:\/\/www.winozesmakiem.net.pl\/?attachment_id=7841\" data-orig-file=\"https:\/\/www.winozesmakiem.net.pl\/wp-content\/uploads\/2020\/06\/DSC_0004.jpg\" data-orig-size=\"4000,3008\" data-comments-opened=\"1\" data-image-meta=\"{&quot;aperture&quot;:&quot;2&quot;,&quot;credit&quot;:&quot;&quot;,&quot;camera&quot;:&quot;H3113&quot;,&quot;caption&quot;:&quot;&quot;,&quot;created_timestamp&quot;:&quot;1590481945&quot;,&quot;copyright&quot;:&quot;&quot;,&quot;focal_length&quot;:&quot;4.22&quot;,&quot;iso&quot;:&quot;800&quot;,&quot;shutter_speed&quot;:&quot;0.03030303030303&quot;,&quot;title&quot;:&quot;&quot;,&quot;orientation&quot;:&quot;1&quot;}\" data-image-title=\"DSC_0004\" data-image-description=\"\" data-image-caption=\"\" data-large-file=\"https:\/\/www.winozesmakiem.net.pl\/wp-content\/uploads\/2020\/06\/DSC_0004-1024x770.jpg\" src=\"https:\/\/www.winozesmakiem.net.pl\/wp-content\/uploads\/2020\/06\/DSC_0004-1024x770.jpg\" alt=\"\" class=\"wp-image-7841\" srcset=\"https:\/\/www.winozesmakiem.net.pl\/wp-content\/uploads\/2020\/06\/DSC_0004-1024x770.jpg 1024w, https:\/\/www.winozesmakiem.net.pl\/wp-content\/uploads\/2020\/06\/DSC_0004-300x226.jpg 300w, https:\/\/www.winozesmakiem.net.pl\/wp-content\/uploads\/2020\/06\/DSC_0004-768x578.jpg 768w\" sizes=\"auto, (max-width: 709px) 85vw, (max-width: 909px) 67vw, (max-width: 1362px) 62vw, 840px\" \/><\/figure><\/div>\n\n\n\n<p>Wino zakupi\u0142em u importera <strong><a href=\"https:\/\/festus.pl\/\">Festus<\/a><\/strong><\/p>\n\n\n\n<div class=\"wp-block-image\"><figure class=\"aligncenter\"><img loading=\"lazy\" decoding=\"async\" width=\"300\" height=\"233\" data-attachment-id=\"286\" data-permalink=\"https:\/\/www.winozesmakiem.net.pl\/?attachment_id=286\" data-orig-file=\"https:\/\/www.winozesmakiem.net.pl\/wp-content\/uploads\/2016\/12\/logo-1.jpg\" data-orig-size=\"454,353\" data-comments-opened=\"1\" data-image-meta=\"{&quot;aperture&quot;:&quot;0&quot;,&quot;credit&quot;:&quot;&quot;,&quot;camera&quot;:&quot;&quot;,&quot;caption&quot;:&quot;&quot;,&quot;created_timestamp&quot;:&quot;0&quot;,&quot;copyright&quot;:&quot;&quot;,&quot;focal_length&quot;:&quot;0&quot;,&quot;iso&quot;:&quot;0&quot;,&quot;shutter_speed&quot;:&quot;0&quot;,&quot;title&quot;:&quot;&quot;,&quot;orientation&quot;:&quot;0&quot;}\" data-image-title=\"logo\" data-image-description=\"\" data-image-caption=\"\" data-large-file=\"https:\/\/www.winozesmakiem.net.pl\/wp-content\/uploads\/2016\/12\/logo-1.jpg\" src=\"https:\/\/www.winozesmakiem.net.pl\/wp-content\/uploads\/2016\/12\/logo-1-300x233.jpg\" alt=\"\" class=\"wp-image-286\" srcset=\"https:\/\/www.winozesmakiem.net.pl\/wp-content\/uploads\/2016\/12\/logo-1-300x233.jpg 300w, https:\/\/www.winozesmakiem.net.pl\/wp-content\/uploads\/2016\/12\/logo-1.jpg 454w\" sizes=\"auto, (max-width: 300px) 85vw, 300px\" \/><\/figure><\/div>\n","protected":false},"excerpt":{"rendered":"<p>Czy s\u0105 tu jacy\u015b fani Madery? Pytam zar\u00f3wno o sam\u0105 wysp\u0119, jak i tamtejsze wina, bo jak dla mnie jedno i drugie to co\u015b wspania\u0142ego. Wyspa nieziemsko pi\u0119kna, jedyny w swoim rodzaju g\u00f3rzysto-klifowy krajobraz z niesamowit\u0105 lini\u0105 brzegow\u0105, cudowna endemiczna ro\u015blinno\u015b\u0107, \u015bwietny klimat, przepyszne ryby i owoce morza, widoki, kt\u00f3rych si\u0119 nie zapomina. Madera to &hellip; <a href=\"https:\/\/www.winozesmakiem.net.pl\/?p=7822\" class=\"more-link\">Czytaj dalej<span class=\"screen-reader-text\"> \u201eHenriques&#038;Henriques Madeira Boal 10YO\u201d<\/span><\/a><\/p>\n","protected":false},"author":1,"featured_media":7823,"comment_status":"open","ping_status":"open","sticky":false,"template":"","format":"standard","meta":{"jetpack_post_was_ever_published":false,"_jetpack_newsletter_access":"","_jetpack_dont_email_post_to_subs":false,"_jetpack_newsletter_tier_id":0,"_jetpack_memberships_contains_paywalled_content":false,"_jetpack_memberships_contains_paid_content":false,"footnotes":"","jetpack_publicize_message":"","jetpack_publicize_feature_enabled":true,"jetpack_social_post_already_shared":true,"jetpack_social_options":{"image_generator_settings":{"template":"highway","default_image_id":0,"font":"","enabled":false},"version":2}},"categories":[4,266],"tags":[676,248,12,13,23,14,219,330],"class_list":["post-7822","post","type-post","status-publish","format-standard","has-post-thumbnail","hentry","category-blog","category-wino-na-prezent","tag-bual","tag-madera","tag-portugalia","tag-szczepy","tag-wina","tag-wino","tag-wino-portugalskie","tag-wino-slodkie"],"jetpack_publicize_connections":[],"jetpack_featured_media_url":"https:\/\/www.winozesmakiem.net.pl\/wp-content\/uploads\/2020\/06\/DSC_0003.jpg","jetpack_sharing_enabled":true,"jetpack_shortlink":"https:\/\/wp.me\/p8BUJb-22a","jetpack-related-posts":[],"jetpack_likes_enabled":true,"_links":{"self":[{"href":"https:\/\/www.winozesmakiem.net.pl\/index.php?rest_route=\/wp\/v2\/posts\/7822","targetHints":{"allow":["GET"]}}],"collection":[{"href":"https:\/\/www.winozesmakiem.net.pl\/index.php?rest_route=\/wp\/v2\/posts"}],"about":[{"href":"https:\/\/www.winozesmakiem.net.pl\/index.php?rest_route=\/wp\/v2\/types\/post"}],"author":[{"embeddable":true,"href":"https:\/\/www.winozesmakiem.net.pl\/index.php?rest_route=\/wp\/v2\/users\/1"}],"replies":[{"embeddable":true,"href":"https:\/\/www.winozesmakiem.net.pl\/index.php?rest_route=%2Fwp%2Fv2%2Fcomments&post=7822"}],"version-history":[{"count":17,"href":"https:\/\/www.winozesmakiem.net.pl\/index.php?rest_route=\/wp\/v2\/posts\/7822\/revisions"}],"predecessor-version":[{"id":7845,"href":"https:\/\/www.winozesmakiem.net.pl\/index.php?rest_route=\/wp\/v2\/posts\/7822\/revisions\/7845"}],"wp:featuredmedia":[{"embeddable":true,"href":"https:\/\/www.winozesmakiem.net.pl\/index.php?rest_route=\/wp\/v2\/media\/7823"}],"wp:attachment":[{"href":"https:\/\/www.winozesmakiem.net.pl\/index.php?rest_route=%2Fwp%2Fv2%2Fmedia&parent=7822"}],"wp:term":[{"taxonomy":"category","embeddable":true,"href":"https:\/\/www.winozesmakiem.net.pl\/index.php?rest_route=%2Fwp%2Fv2%2Fcategories&post=7822"},{"taxonomy":"post_tag","embeddable":true,"href":"https:\/\/www.winozesmakiem.net.pl\/index.php?rest_route=%2Fwp%2Fv2%2Ftags&post=7822"}],"curies":[{"name":"wp","href":"https:\/\/api.w.org\/{rel}","templated":true}]}}